{"id":108984,"date":"2024-07-29T18:06:06","date_gmt":"2024-07-29T18:06:06","guid":{"rendered":"https:\/\/primicias2262.com\/noticias\/?p=108984"},"modified":"2024-07-29T18:06:06","modified_gmt":"2024-07-29T18:06:06","slug":"se-reabre-la-inscripcion-y-renovacion-para-el-boleto-estudiantil","status":"publish","type":"post","link":"https:\/\/primicias2262.com\/noticias\/se-reabre-la-inscripcion-y-renovacion-para-el-boleto-estudiantil\/","title":{"rendered":"Se reabre la inscripci\u00f3n y renovaci\u00f3n para el Boleto Estudiantil"},"content":{"rendered":"<p><strong>Desde este martes 30 de julio los alumnos y alumnas podr\u00e1n hacer el tr\u00e1mite gratuito tanto en el Centro C\u00edvico de Necochea como en la Delegaci\u00f3n Municipal de Quequ\u00e9n.<\/strong><\/p>\n<p>La Direcci\u00f3n General de Transporte informa que pasado el recedo invernal, se encuentra abierta la etapa de inscripci\u00f3n y renovaci\u00f3n para sumarse al beneficio del Boleto Estudiantil Municipal Gratuito, que se implementa a trav\u00e9s de Sistema \u00danico de Boleto Electr\u00f3nico (SUBE) para los y las estudiantes del distrito de Necochea, contando este plazo con una fecha l\u00edmite que, en principio, ser\u00eda la del 13 de septiembre.<\/p>\n<p>Ante ello, se aclara que los alumnos y alumnas pertenecientes a escuelas medias y t\u00e9cnicas (de gesti\u00f3n estatal y privada) que hayan realizado el tr\u00e1mite entre los meses de marzo y abril de este a\u00f1o no deber\u00e1n actualizarlo.<\/p>\n<p>Para quienes se inscriban por primera vez, deber\u00e1n presentarse personalmente -o representados por su madre, padre o tutor- con la fotocopia del DNI y la constancia de alumno regular expedida por la autoridad competente del establecimiento educativo; mientras que en el lugar se les pedir\u00e1 dejar un n\u00famero telef\u00f3nico de contacto y direcci\u00f3n de correo electr\u00f3nico.<\/p>\n<p>Por su parte, los y las estudiantes que renueven el Boleto Estudiantil solo deber\u00e1n acercarse con la constancia de alumno regular actualizada, de acuerdo a la informaci\u00f3n suministrada por el \u00e1rea que depende de Facundo Croci.<\/p>\n<p>Este proceso se efectuar\u00e1 en las unidades de Gesti\u00f3n Social (UGS) ubicadas en la planta baja del Centro C\u00edvico, en la esquina de Avenida 58 y 61; o en la Delegaci\u00f3n de Quequ\u00e9n, en la intersecci\u00f3n de calles 560 y 521, de lunes a viernes y en el horario de 8:15 a 13:30.<\/p>\n","protected":false},"excerpt":{"rendered":"<p>Desde este martes 30 de julio los alumnos y alumnas podr\u00e1n hacer el tr\u00e1mite gratuito tanto en el Centro C\u00edvico de Necochea como en la Delegaci\u00f3n Municipal de Quequ\u00e9n. La Direcci\u00f3n General de Transporte informa que pasado el recedo invernal, se encuentra abierta la etapa de inscripci\u00f3n y renovaci\u00f3n para sumarse al beneficio del Boleto [&hellip;]<\/p>\n","protected":false},"author":3,"featured_media":106788,"comment_status":"open","ping_status":"open","sticky":false,"template":"","format":"standard","meta":{"footnotes":""},"categories":[5],"tags":[],"class_list":{"0":"post-108984","1":"post","2":"type-post","3":"status-publish","4":"format-standard","5":"has-post-thumbnail","7":"category-neco"},"_links":{"self":[{"href":"https:\/\/primicias2262.com\/noticias\/wp-json\/wp\/v2\/posts\/108984","targetHints":{"allow":["GET"]}}],"collection":[{"href":"https:\/\/primicias2262.com\/noticias\/wp-json\/wp\/v2\/posts"}],"about":[{"href":"https:\/\/primicias2262.com\/noticias\/wp-json\/wp\/v2\/types\/post"}],"author":[{"embeddable":true,"href":"https:\/\/primicias2262.com\/noticias\/wp-json\/wp\/v2\/users\/3"}],"replies":[{"embeddable":true,"href":"https:\/\/primicias2262.com\/noticias\/wp-json\/wp\/v2\/comments?post=108984"}],"version-history":[{"count":1,"href":"https:\/\/primicias2262.com\/noticias\/wp-json\/wp\/v2\/posts\/108984\/revisions"}],"predecessor-version":[{"id":108985,"href":"https:\/\/primicias2262.com\/noticias\/wp-json\/wp\/v2\/posts\/108984\/revisions\/108985"}],"wp:featuredmedia":[{"embeddable":true,"href":"https:\/\/primicias2262.com\/noticias\/wp-json\/wp\/v2\/media\/106788"}],"wp:attachment":[{"href":"https:\/\/primicias2262.com\/noticias\/wp-json\/wp\/v2\/media?parent=108984"}],"wp:term":[{"taxonomy":"category","embeddable":true,"href":"https:\/\/primicias2262.com\/noticias\/wp-json\/wp\/v2\/categories?post=108984"},{"taxonomy":"post_tag","embeddable":true,"href":"https:\/\/primicias2262.com\/noticias\/wp-json\/wp\/v2\/tags?post=108984"}],"curies":[{"name":"wp","href":"https:\/\/api.w.org\/{rel}","templated":true}]}}