{"id":109105,"date":"2024-08-03T20:16:25","date_gmt":"2024-08-03T20:16:25","guid":{"rendered":"https:\/\/primicias2262.com\/noticias\/?p=109105"},"modified":"2024-08-03T20:16:25","modified_gmt":"2024-08-03T20:16:25","slug":"el-nuevo-aniversario-de-quequen-se-inicio-con-un-concurrido-acto-en-la-plaza-de-los-ninos","status":"publish","type":"post","link":"https:\/\/primicias2262.com\/noticias\/el-nuevo-aniversario-de-quequen-se-inicio-con-un-concurrido-acto-en-la-plaza-de-los-ninos\/","title":{"rendered":"El nuevo aniversario de Quequ\u00e9n se inici\u00f3 con un concurrido acto en la Plaza de los Ni\u00f1os"},"content":{"rendered":"<p><strong>El intendente encabez\u00f3 la ceremonia por los 170 a\u00f1os de Quequ\u00e9n, que tuvo una amplia participaci\u00f3n vecinal y de las instituciones. Arturo Rojas volvi\u00f3 a enfatizar en el trabajo articulado para luchar por los desaf\u00edos que hay por delante.<\/strong><\/p>\n<p>En la Plaza de los Ni\u00f1os, all\u00ed donde est\u00e1 el Arco de los Pioneros donde todo empez\u00f3 a forjarse hace 170 a\u00f1os, se realiz\u00f3 este s\u00e1bado 3 de agosto el acto protocolar por el aniversario de Quequ\u00e9n, ceremonia que cont\u00f3 con una amplia participaci\u00f3n ciudadana y fue encabezada por el intendente Arturo Rojas.<\/p>\n<p><a href=\"https:\/\/primicias2262.com\/noticias\/wp-content\/uploads\/2024\/08\/Quequen.jpeg\"><img loading=\"lazy\" decoding=\"async\" class=\"aligncenter size-full wp-image-109106\" src=\"https:\/\/primicias2262.com\/noticias\/wp-content\/uploads\/2024\/08\/Quequen.jpeg\" alt=\"\" width=\"1280\" height=\"853\" srcset=\"https:\/\/primicias2262.com\/noticias\/wp-content\/uploads\/2024\/08\/Quequen.jpeg 1280w, https:\/\/primicias2262.com\/noticias\/wp-content\/uploads\/2024\/08\/Quequen-300x200.jpeg 300w, https:\/\/primicias2262.com\/noticias\/wp-content\/uploads\/2024\/08\/Quequen-1024x682.jpeg 1024w, https:\/\/primicias2262.com\/noticias\/wp-content\/uploads\/2024\/08\/Quequen-768x512.jpeg 768w, https:\/\/primicias2262.com\/noticias\/wp-content\/uploads\/2024\/08\/Quequen-150x100.jpeg 150w, https:\/\/primicias2262.com\/noticias\/wp-content\/uploads\/2024\/08\/Quequen-696x464.jpeg 696w, https:\/\/primicias2262.com\/noticias\/wp-content\/uploads\/2024\/08\/Quequen-1068x712.jpeg 1068w\" sizes=\"auto, (max-width: 1280px) 100vw, 1280px\" \/><\/a><\/p>\n<p>Entre las banderas de ceremonia de las instituciones educativas y la bendici\u00f3n parroquial de La Merced, las palabras alusivas estuvieron a cargo de la delegada municipal de Quequ\u00e9n, Silvia Jensen; y el Intendente Arturo Rojas, quienes llamaron a seguir trabajando en conjunto entre toda la comunidad para lograr la reparaci\u00f3n hist\u00f3rica de Quequ\u00e9n.<\/p>\n<p>Es por ello que el Intendente agradeci\u00f3 el acompa\u00f1amiento del Consorcio de Gesti\u00f3n de Puerto Quequ\u00e9n, como as\u00ed de sectores privados e instituciones para poder llevar delante los festejos del aniversario, enfatizando en que \u201ces importante reivindicar las fiestas populares en un contexto econ\u00f3mico tan dif\u00edcil\u201d, acotando que \u201clas fiestas populares tambi\u00e9n significan puestos de trabajo y movimiento econ\u00f3mico, y ha sido una decisi\u00f3n nuestra seguir potenci\u00e1ndolas\u201d.<\/p>\n<p>Luego enumer\u00f3 que \u201ctenemos muchos desaf\u00edos por delante para esa reparaci\u00f3n hist\u00f3rica de Quequ\u00e9n, y no hay forma de avanzar sin un equipo que acompa\u00f1e con compromiso y en articulaci\u00f3n con las dem\u00e1s instituciones\u201d, por ello \u201cel mensaje en este aniversario es de esperanza, de trabajo y compromiso todos los d\u00edas para estar un poco mejor\u201d, concluy\u00f3.<\/p>\n<p>Por su parte, Silvia Jensen afirm\u00f3 que \u201cagradezco al Intendente por darme la posibilidad y el honor de estar al frente de la Delegaci\u00f3n de Quequ\u00e9n en este aniversario 170, tratando de poner todo mi empe\u00f1o y mi trabajo para sacar a Quequ\u00e9n adelante\u201d.<\/p>\n<p>Seguidamente, hizo extensiva una larga lista de agradecimientos, desde el equipo propio de la Delegaci\u00f3n y a todas las \u00e1reas municipales como as\u00ed al Consorcio, empresas e instituciones.<\/p>\n","protected":false},"excerpt":{"rendered":"<p>El intendente encabez\u00f3 la ceremonia por los 170 a\u00f1os de Quequ\u00e9n, que tuvo una amplia participaci\u00f3n vecinal y de las instituciones. Arturo Rojas volvi\u00f3 a enfatizar en el trabajo articulado para luchar por los desaf\u00edos que hay por delante. En la Plaza de los Ni\u00f1os, all\u00ed donde est\u00e1 el Arco de los Pioneros donde todo [&hellip;]<\/p>\n","protected":false},"author":3,"featured_media":109107,"comment_status":"open","ping_status":"open","sticky":false,"template":"","format":"standard","meta":{"footnotes":""},"categories":[6],"tags":[],"class_list":{"0":"post-109105","1":"post","2":"type-post","3":"status-publish","4":"format-standard","5":"has-post-thumbnail","7":"category-portada2"},"_links":{"self":[{"href":"https:\/\/primicias2262.com\/noticias\/wp-json\/wp\/v2\/posts\/109105","targetHints":{"allow":["GET"]}}],"collection":[{"href":"https:\/\/primicias2262.com\/noticias\/wp-json\/wp\/v2\/posts"}],"about":[{"href":"https:\/\/primicias2262.com\/noticias\/wp-json\/wp\/v2\/types\/post"}],"author":[{"embeddable":true,"href":"https:\/\/primicias2262.com\/noticias\/wp-json\/wp\/v2\/users\/3"}],"replies":[{"embeddable":true,"href":"https:\/\/primicias2262.com\/noticias\/wp-json\/wp\/v2\/comments?post=109105"}],"version-history":[{"count":1,"href":"https:\/\/primicias2262.com\/noticias\/wp-json\/wp\/v2\/posts\/109105\/revisions"}],"predecessor-version":[{"id":109108,"href":"https:\/\/primicias2262.com\/noticias\/wp-json\/wp\/v2\/posts\/109105\/revisions\/109108"}],"wp:featuredmedia":[{"embeddable":true,"href":"https:\/\/primicias2262.com\/noticias\/wp-json\/wp\/v2\/media\/109107"}],"wp:attachment":[{"href":"https:\/\/primicias2262.com\/noticias\/wp-json\/wp\/v2\/media?parent=109105"}],"wp:term":[{"taxonomy":"category","embeddable":true,"href":"https:\/\/primicias2262.com\/noticias\/wp-json\/wp\/v2\/categories?post=109105"},{"taxonomy":"post_tag","embeddable":true,"href":"https:\/\/primicias2262.com\/noticias\/wp-json\/wp\/v2\/tags?post=109105"}],"curies":[{"name":"wp","href":"https:\/\/api.w.org\/{rel}","templated":true}]}}