{"id":109383,"date":"2024-08-16T10:54:23","date_gmt":"2024-08-16T10:54:23","guid":{"rendered":"https:\/\/primicias2262.com\/noticias\/?p=109383"},"modified":"2024-08-16T14:56:18","modified_gmt":"2024-08-16T14:56:18","slug":"el-polideportivo-municipal-abre-sus-puertas-para-el-festejo-del-dia-del-nino","status":"publish","type":"post","link":"https:\/\/primicias2262.com\/noticias\/el-polideportivo-municipal-abre-sus-puertas-para-el-festejo-del-dia-del-nino\/","title":{"rendered":"El Polideportivo Municipal abre sus puertas para el festejo del D\u00eda del Ni\u00f1o"},"content":{"rendered":"<div class=\"elementor-element elementor-element-38a37d5 elementor-widget elementor-widget-theme-post-content\" data-id=\"38a37d5\" data-element_type=\"widget\" data-widget_type=\"theme-post-content.default\">\n<div class=\"elementor-widget-container\">\n<p><strong>De manera libre y gratuita, se realizar\u00e1 el venidero domingo 18 de agosto a partir de las 14, con inflables, juegos deportivos, chocolatada, espect\u00e1culos circenses y dem\u00e1s.<\/strong><\/p>\n<p>La Secretaria de Turismo y Desarrollo Productivo, a cargo de Mat\u00edas Sierra, informa que a trav\u00e9s de las Direcciones de Cultura y Deportes se encuentra trabajando en el festejo del D\u00eda del Ni\u00f1o, el cual se celebra en Argentina el tercer domingo de agosto.<\/p>\n<figure class=\"wp-block-gallery has-nested-images columns-default is-cropped wp-block-gallery-1 is-layout-flex wp-block-gallery-is-layout-flex\">\n<figure class=\"wp-block-image size-large\"><img loading=\"lazy\" decoding=\"async\" class=\"wp-image-86236\" src=\"https:\/\/necochea.gov.ar\/wp-content\/uploads\/2024\/08\/PLACA-Dia-del-Nino-Poli.jpeg\" alt=\"\" width=\"1080\" height=\"1080\" data-id=\"86236\" \/><\/figure>\n<figure class=\"wp-block-image size-large\"><img loading=\"lazy\" decoding=\"async\" class=\"wp-image-86235\" src=\"https:\/\/necochea.gov.ar\/wp-content\/uploads\/2024\/08\/PLACA-Anilina.jpeg\" alt=\"\" width=\"1080\" height=\"1080\" data-id=\"86235\" \/><\/figure>\n<\/figure>\n<p>Por lo tanto, destacaron que el festejo se realizar\u00e1 de forma libre y gratuita este domingo 18 de agosto de 14 a 19 hs. en el Polideportivo Municipal \u201cEdgardo Hugo Yelpo\u201dde Av.10 entre 65 y 67. \u201cLa propuesta de este a\u00f1o contar\u00e1 con espect\u00e1culos circenses, inflables, chocolatada y juegos deportivos para diferentes edades\u201d, detallaron desde ambas Direcciones.<\/p>\n<p><strong>La entrada al predio del Polideportivo ser\u00e1 por la calle 67 entre 6 y 10 y el cronograma es el siguiente:<\/strong><\/p>\n<p>14:00 hs Juegos deportivos para diferentes edades.<\/p>\n<p>15:00 hs Anilina.<\/p>\n<p>16:00 hs Do\u00f1a Fresca.<\/p>\n<p>17:00 hs Faina.<\/p>\n<figure class=\"wp-block-gallery has-nested-images columns-default is-cropped wp-block-gallery-2 is-layout-flex wp-block-gallery-is-layout-flex\">\n<figure class=\"wp-block-image size-large\"><img loading=\"lazy\" decoding=\"async\" class=\"wp-image-86238\" src=\"https:\/\/necochea.gov.ar\/wp-content\/uploads\/2024\/08\/PLACA-Dona-Fresca.jpeg\" alt=\"\" width=\"1080\" height=\"1080\" data-id=\"86238\" \/><\/figure>\n<figure class=\"wp-block-image size-large\"><img loading=\"lazy\" decoding=\"async\" class=\"wp-image-86239\" src=\"https:\/\/necochea.gov.ar\/wp-content\/uploads\/2024\/08\/PLACA-Faina.jpeg\" alt=\"\" width=\"1080\" height=\"1080\" data-id=\"86239\" \/><\/figure>\n<\/figure>\n<\/div>\n<\/div>\n<div class=\"elementor-element elementor-element-7977bf6 elementor-widget elementor-widget-shortcode\" data-id=\"7977bf6\" data-element_type=\"widget\" data-widget_type=\"shortcode.default\">\n<div class=\"elementor-widget-container\">\n<div class=\"elementor-shortcode\"><\/div>\n<\/div>\n<\/div>\n<div class=\"elementor-element elementor-element-4f7b641 elementor-post-navigation-borders-yes elementor-widget elementor-widget-post-navigation\" data-id=\"4f7b641\" data-element_type=\"widget\" data-widget_type=\"post-navigation.default\">\n<div class=\"elementor-widget-container\">\n<div class=\"elementor-post-navigation\">\n<div class=\"elementor-post-navigation__prev elementor-post-navigation__link\"><\/div>\n<\/div>\n<\/div>\n<\/div>\n","protected":false},"excerpt":{"rendered":"<p>De manera libre y gratuita, se realizar\u00e1 el venidero domingo 18 de agosto a partir de las 14, con inflables, juegos deportivos, chocolatada, espect\u00e1culos circenses y dem\u00e1s. La Secretaria de Turismo y Desarrollo Productivo, a cargo de Mat\u00edas Sierra, informa que a trav\u00e9s de las Direcciones de Cultura y Deportes se encuentra trabajando en el [&hellip;]<\/p>\n","protected":false},"author":3,"featured_media":109384,"comment_status":"open","ping_status":"open","sticky":false,"template":"","format":"standard","meta":{"footnotes":""},"categories":[5],"tags":[],"class_list":{"0":"post-109383","1":"post","2":"type-post","3":"status-publish","4":"format-standard","5":"has-post-thumbnail","7":"category-neco"},"_links":{"self":[{"href":"https:\/\/primicias2262.com\/noticias\/wp-json\/wp\/v2\/posts\/109383","targetHints":{"allow":["GET"]}}],"collection":[{"href":"https:\/\/primicias2262.com\/noticias\/wp-json\/wp\/v2\/posts"}],"about":[{"href":"https:\/\/primicias2262.com\/noticias\/wp-json\/wp\/v2\/types\/post"}],"author":[{"embeddable":true,"href":"https:\/\/primicias2262.com\/noticias\/wp-json\/wp\/v2\/users\/3"}],"replies":[{"embeddable":true,"href":"https:\/\/primicias2262.com\/noticias\/wp-json\/wp\/v2\/comments?post=109383"}],"version-history":[{"count":1,"href":"https:\/\/primicias2262.com\/noticias\/wp-json\/wp\/v2\/posts\/109383\/revisions"}],"predecessor-version":[{"id":109385,"href":"https:\/\/primicias2262.com\/noticias\/wp-json\/wp\/v2\/posts\/109383\/revisions\/109385"}],"wp:featuredmedia":[{"embeddable":true,"href":"https:\/\/primicias2262.com\/noticias\/wp-json\/wp\/v2\/media\/109384"}],"wp:attachment":[{"href":"https:\/\/primicias2262.com\/noticias\/wp-json\/wp\/v2\/media?parent=109383"}],"wp:term":[{"taxonomy":"category","embeddable":true,"href":"https:\/\/primicias2262.com\/noticias\/wp-json\/wp\/v2\/categories?post=109383"},{"taxonomy":"post_tag","embeddable":true,"href":"https:\/\/primicias2262.com\/noticias\/wp-json\/wp\/v2\/tags?post=109383"}],"curies":[{"name":"wp","href":"https:\/\/api.w.org\/{rel}","templated":true}]}}