{"id":109978,"date":"2024-09-12T17:21:37","date_gmt":"2024-09-12T17:21:37","guid":{"rendered":"https:\/\/primicias2262.com\/noticias\/?p=109978"},"modified":"2024-09-12T17:21:37","modified_gmt":"2024-09-12T17:21:37","slug":"hemos-decidido-renunciar-a-la-union-civica-radical-porque-sentimos-que-no-nos-representa","status":"publish","type":"post","link":"https:\/\/primicias2262.com\/noticias\/hemos-decidido-renunciar-a-la-union-civica-radical-porque-sentimos-que-no-nos-representa\/","title":{"rendered":"\u201cHemos decidido renunciar a la Uni\u00f3n C\u00edvica Radical porque sentimos que no nos representa\u201d"},"content":{"rendered":"<p><strong>Las militantes radicales, Silvia Sadaha y Fernanda Fern\u00e1ndez Viscay, se explayaron en \u201cVoces de la ciudad\u201d acerca del comunicado que emitieron recientemente donde renuncian al partido en torno a las decisiones de la Uni\u00f3n C\u00edvica Radical a nivel local con la elecci\u00f3n de autoridades partidarias y a nivel nacional en perjuicio de los jubilados.<\/strong><\/p>\n<p>En dialogo con el periodista Hugo Arroyo, Fern\u00e1ndez Viscay mencion\u00f3 en primer t\u00e9rmino que \u201cconversamos mucho y llegamos a un punto en que la \u00faltima conformaci\u00f3n de la lista del comit\u00e9 local nos hizo tomar la decisi\u00f3n de decir hasta ac\u00e1 llegamos, basta, sentimos que m\u00e1s que ser org\u00e1nicos al partido \u00edbamos en contra de nuestras propias convicciones\u201d.<\/p>\n<p>\u201cEl radicalismo est\u00e1 muy corrido a la derecha y ahora a la derecha extrema, as\u00ed que renunciamos en el momento justo. Estamos pasando un momento muy feo donde la gente no come y no tiene educaci\u00f3n. Lo que dec\u00eda don Ra\u00fal (Alfons\u00edn) que con la democracia se come, se vive y se educa, hoy desgraciadamente no se cumple en nada\u201d, a\u00f1adi\u00f3.<\/p>\n<p><a href=\"https:\/\/primicias2262.com\/noticias\/wp-content\/uploads\/2024\/09\/fernanda-fernandez-viscay.jpeg\"><img loading=\"lazy\" decoding=\"async\" class=\"aligncenter size-full wp-image-109979\" src=\"https:\/\/primicias2262.com\/noticias\/wp-content\/uploads\/2024\/09\/fernanda-fernandez-viscay.jpeg\" alt=\"\" width=\"1280\" height=\"960\" srcset=\"https:\/\/primicias2262.com\/noticias\/wp-content\/uploads\/2024\/09\/fernanda-fernandez-viscay.jpeg 1280w, https:\/\/primicias2262.com\/noticias\/wp-content\/uploads\/2024\/09\/fernanda-fernandez-viscay-300x225.jpeg 300w, https:\/\/primicias2262.com\/noticias\/wp-content\/uploads\/2024\/09\/fernanda-fernandez-viscay-1024x768.jpeg 1024w, https:\/\/primicias2262.com\/noticias\/wp-content\/uploads\/2024\/09\/fernanda-fernandez-viscay-768x576.jpeg 768w, https:\/\/primicias2262.com\/noticias\/wp-content\/uploads\/2024\/09\/fernanda-fernandez-viscay-150x113.jpeg 150w, https:\/\/primicias2262.com\/noticias\/wp-content\/uploads\/2024\/09\/fernanda-fernandez-viscay-696x522.jpeg 696w, https:\/\/primicias2262.com\/noticias\/wp-content\/uploads\/2024\/09\/fernanda-fernandez-viscay-1068x801.jpeg 1068w\" sizes=\"auto, (max-width: 1280px) 100vw, 1280px\" \/><\/a><strong>Fernanda Fern\u00e1ndez Viscay<\/strong><\/p>\n<p>Por su parte, Silvia Sadaha se\u00f1al\u00f3 que \u201cno fue f\u00e1cil la decisi\u00f3n porque son muchos a\u00f1os de militancia activa y de visitar a los vecinos. Pero ser radical no es solamente cada dos a\u00f1os, sino que es nuestra forma de vida y en esos valores hemos criado a nuestros hijos. Hay que tener convicci\u00f3n y lo que digo tiene que coincidir con lo que hago\u201d.<\/p>\n<p>En esa l\u00ednea, manifest\u00f3 que \u201cayer ten\u00edamos la posibilidad de reivindicar al grupo m\u00e1s vulnerado del pa\u00eds como son los jubilados, y resulta que le dimos vuelta literalmente la cara\u201d.<\/p>\n<p><strong>El comunicado de las militantes:<\/strong><\/p>\n<p><strong>\u00abEntre gallos y medias noches\u00bb<\/strong><\/p>\n<p>\u00abLamentablemente la Uni\u00f3n C\u00edvica Radical del &#8216;pago chico&#8217;, cay\u00f3 en la misma pr\u00e1ctica nacional y provincial, manej\u00e1ndose entre pocos, y tomando decisiones entre muy pocos, ya acostumbrados a ese modo impuesto, luego de la famosa convenci\u00f3n de Gualeguaych\u00fa.<\/p>\n<p>Un partido que perdi\u00f3 su vocaci\u00f3n democr\u00e1tica, donde su comit\u00e9 s\u00f3lo se abre para que entren algunos elegidos a un horario previamente convocado, y no con apertura hacia los afiliados y la poblaci\u00f3n toda; donde dos o tres se creen con el poder suficiente, como para dejar afuera de toda convocatoria y consulta, bas\u00e1ndose en liderazgos min\u00fasculos, que no son ni siquiera afirmados dentro del padr\u00f3n de afiliados y menos en la sociedad; donde dirigentes con trayectorias, experiencias e idoneidad se corren a un costado, para dejar lugar a la &#8216;renovaci\u00f3n&#8217; de la nueva pol\u00edtica, que no es otra cosa que copia del ejercicio que viene llevando a cabo la dirigencia nacional y provincial desde 2015 a la fecha.<\/p>\n<p>Hoy son\u00a0 totalmente electoralistas, sin \u00e9tica ni prejuicios, se reparten los futuros cargos como si fueran chupetines, sin importarles cu\u00e1l va a ser el resultado mientras alcance para los objetivos personales.<\/p>\n<p>Una pol\u00edtica alejada totalmente de la sociedad, no reconocida, y hasta ninguneada por su falta de contenido y representaci\u00f3n social. A esta m\u00ednima expresi\u00f3n de poder nos llev\u00f3 esta forma de hacer pol\u00edtica que estamos de defender los principios y valores que nos dejaron Alem, Yrigoyen, Larralde, Jauretche, Illia y Alfons\u00edn, entre tantos. Hoy tibias declaraciones de posicionamiento de querer representar a un sector de la sociedad, muere en el mismo instante de su nacimiento, justamente por falta de acompa\u00f1amiento, ya que hace rato nuestro centenario partido est\u00e1 corrido muy a la derecha.<\/p>\n<p><strong>Con mucho dolor les comunicamos que, luego de mucho analizar, hemos decidido renunciar a la Uni\u00f3n C\u00edvica Radical porque sentimos que no nos representa<\/strong>, y que no hay esperanzas en que eso ocurra en el corto plazo, y haciendo honor a una frase ya conocida, adentro del radicalismo hay muchos afiliados que no son radicales, y afuera hay muchos radicales que no son afiliados.<\/p>\n<p>Hoy se presenta la oportunidad que un dirigente que nunca dej\u00f3 de practicarlo, cre\u00f3 una opci\u00f3n por afuera del partido. Ese es Ricardo Alfons\u00edn, desde el &#8216;Progresismo&#8217;,\u00a0 practicaremos libremente el ideario radical, uniendo y sumando sin resquemores a fuerzas que piensen parecido, representando a esa sociedad que esta hu\u00e9rfana de liderazgo desde que la UCR cambi\u00f3 de rumbo.<\/p>\n<p>Invitamos a los que se sientan identificados con esta propuesta socialdem\u00f3crata a sumarse en esta cruzada, con el \u00fanico fin de defender y representar a nuestro pueblo, hoy m\u00e1s que nunca ante el avance avasallante de la derecha extrema, quit\u00e1ndonos lo conseguido en tantos a\u00f1os de lucha. Por un pa\u00eds con derechos, igualdad y justicia, sigamos ideas no a hombres\u00bb.-<\/p>\n<p>Fernanda Fern\u00e1ndez Vizcay<\/p>\n<p>DNI 23.289.176<\/p>\n<p>Silvia Graciela Sadaha<\/p>\n<p>DNI 17.769.052<\/p>\n<p>Silvia Sadaha fue consejera escolar entre 2007 y 2011 por la Uni\u00f3n C\u00edvica Radical; vicepresidente del Comit\u00e9 \u00abEmiliano Ab\u00e1solo\u00bb desde 2014 a 2017, y presidente del Comit\u00e9 entre 2017 y 2018.<\/p>\n<p>En tanto, Fernanda Fern\u00e1ndez Viscay fue candidata a concejal por la Uni\u00f3n C\u00edvica Radical en 2003.<\/p>\n","protected":false},"excerpt":{"rendered":"<p>Las militantes radicales, Silvia Sadaha y Fernanda Fern\u00e1ndez Viscay, se explayaron en \u201cVoces de la ciudad\u201d acerca del comunicado que emitieron recientemente donde renuncian al partido en torno a las decisiones de la Uni\u00f3n C\u00edvica Radical a nivel local con la elecci\u00f3n de autoridades partidarias y a nivel nacional en perjuicio de los jubilados. En [&hellip;]<\/p>\n","protected":false},"author":3,"featured_media":109980,"comment_status":"open","ping_status":"open","sticky":false,"template":"","format":"standard","meta":{"footnotes":""},"categories":[5],"tags":[],"class_list":{"0":"post-109978","1":"post","2":"type-post","3":"status-publish","4":"format-standard","5":"has-post-thumbnail","7":"category-neco"},"_links":{"self":[{"href":"https:\/\/primicias2262.com\/noticias\/wp-json\/wp\/v2\/posts\/109978","targetHints":{"allow":["GET"]}}],"collection":[{"href":"https:\/\/primicias2262.com\/noticias\/wp-json\/wp\/v2\/posts"}],"about":[{"href":"https:\/\/primicias2262.com\/noticias\/wp-json\/wp\/v2\/types\/post"}],"author":[{"embeddable":true,"href":"https:\/\/primicias2262.com\/noticias\/wp-json\/wp\/v2\/users\/3"}],"replies":[{"embeddable":true,"href":"https:\/\/primicias2262.com\/noticias\/wp-json\/wp\/v2\/comments?post=109978"}],"version-history":[{"count":1,"href":"https:\/\/primicias2262.com\/noticias\/wp-json\/wp\/v2\/posts\/109978\/revisions"}],"predecessor-version":[{"id":109981,"href":"https:\/\/primicias2262.com\/noticias\/wp-json\/wp\/v2\/posts\/109978\/revisions\/109981"}],"wp:featuredmedia":[{"embeddable":true,"href":"https:\/\/primicias2262.com\/noticias\/wp-json\/wp\/v2\/media\/109980"}],"wp:attachment":[{"href":"https:\/\/primicias2262.com\/noticias\/wp-json\/wp\/v2\/media?parent=109978"}],"wp:term":[{"taxonomy":"category","embeddable":true,"href":"https:\/\/primicias2262.com\/noticias\/wp-json\/wp\/v2\/categories?post=109978"},{"taxonomy":"post_tag","embeddable":true,"href":"https:\/\/primicias2262.com\/noticias\/wp-json\/wp\/v2\/tags?post=109978"}],"curies":[{"name":"wp","href":"https:\/\/api.w.org\/{rel}","templated":true}]}}