{"id":110608,"date":"2024-10-11T22:18:00","date_gmt":"2024-10-11T22:18:00","guid":{"rendered":"https:\/\/primicias2262.com\/noticias\/?p=110608"},"modified":"2024-10-11T22:18:00","modified_gmt":"2024-10-11T22:18:00","slug":"este-domingo-se-modificaran-recorridos-de-las-lineas-de-micros-por-la-media-maraton","status":"publish","type":"post","link":"https:\/\/primicias2262.com\/noticias\/este-domingo-se-modificaran-recorridos-de-las-lineas-de-micros-por-la-media-maraton\/","title":{"rendered":"Este domingo se modificar\u00e1n recorridos de las l\u00edneas de micros por la media marat\u00f3n"},"content":{"rendered":"<p><strong>Entre las 8 y las 11 de la ma\u00f1ana de este 13 de octubre, las l\u00edneas 502 y 510 tomar\u00e1n un camino alternativo en la villa balnearia debido al desarrollo de la competencia de 21 kil\u00f3metros.<\/strong><\/p>\n<p>La Municipalidad de Necochea, a trav\u00e9s de la Direcci\u00f3n General de Transporte, a cargo de Facundo Croci, informa que durante la Media Marat\u00f3n Aniversario de Necochea que se realizar\u00e1 este domingo 13 de octubre, se ver\u00e1n modificados los recorridos de las l\u00edneas 502 y 510, pertenecientes a ambas empresas prestatarias del servicio de transporte p\u00fablico de pasajeros.<\/p>\n<p>En el marco del 143\u00b0 aniversario de la fundaci\u00f3n de nuestra ciudad, este domingo se realizar\u00e1 en la av. 2 a la altura del Monumento a Neptuno la media marat\u00f3n de 21km con distancias complementarias de 10 K y 5 K, en el horario de 8 a 11 hs., lapso durante el cual se realizar\u00e1n cortes de tr\u00e1nsito en diferentes arterias para resguardar la seguridad de los participantes.<\/p>\n<p><strong>Las modificaciones ser\u00e1n las siguientes:<\/strong><\/p>\n<p><strong>Para la L\u00ednea 510:<\/strong>\u00a0por calle 87 hasta calle 6, por calle 6 hasta Av. 79 siguiendo por la misma retomando su recorrido habitual.<\/p>\n<p><strong>Para la L\u00ednea 502:<\/strong>\u00a0Por calle 87 hasta calle 6, por calle 6 hasta calle 81, siguiendo por la misma retomando su recorrido habitual.<\/p>\n<p><a href=\"https:\/\/primicias2262.com\/noticias\/wp-content\/uploads\/2024\/10\/Recorridos.jpg\"><img loading=\"lazy\" decoding=\"async\" class=\"aligncenter size-full wp-image-110609\" src=\"https:\/\/primicias2262.com\/noticias\/wp-content\/uploads\/2024\/10\/Recorridos.jpg\" alt=\"\" width=\"688\" height=\"728\" srcset=\"https:\/\/primicias2262.com\/noticias\/wp-content\/uploads\/2024\/10\/Recorridos.jpg 688w, https:\/\/primicias2262.com\/noticias\/wp-content\/uploads\/2024\/10\/Recorridos-284x300.jpg 284w, https:\/\/primicias2262.com\/noticias\/wp-content\/uploads\/2024\/10\/Recorridos-150x159.jpg 150w, https:\/\/primicias2262.com\/noticias\/wp-content\/uploads\/2024\/10\/Recorridos-300x317.jpg 300w\" sizes=\"auto, (max-width: 688px) 100vw, 688px\" \/><\/a><\/p>\n","protected":false},"excerpt":{"rendered":"<p>Entre las 8 y las 11 de la ma\u00f1ana de este 13 de octubre, las l\u00edneas 502 y 510 tomar\u00e1n un camino alternativo en la villa balnearia debido al desarrollo de la competencia de 21 kil\u00f3metros. La Municipalidad de Necochea, a trav\u00e9s de la Direcci\u00f3n General de Transporte, a cargo de Facundo Croci, informa que [&hellip;]<\/p>\n","protected":false},"author":3,"featured_media":110610,"comment_status":"open","ping_status":"open","sticky":false,"template":"","format":"standard","meta":{"footnotes":""},"categories":[5],"tags":[],"class_list":{"0":"post-110608","1":"post","2":"type-post","3":"status-publish","4":"format-standard","5":"has-post-thumbnail","7":"category-neco"},"_links":{"self":[{"href":"https:\/\/primicias2262.com\/noticias\/wp-json\/wp\/v2\/posts\/110608","targetHints":{"allow":["GET"]}}],"collection":[{"href":"https:\/\/primicias2262.com\/noticias\/wp-json\/wp\/v2\/posts"}],"about":[{"href":"https:\/\/primicias2262.com\/noticias\/wp-json\/wp\/v2\/types\/post"}],"author":[{"embeddable":true,"href":"https:\/\/primicias2262.com\/noticias\/wp-json\/wp\/v2\/users\/3"}],"replies":[{"embeddable":true,"href":"https:\/\/primicias2262.com\/noticias\/wp-json\/wp\/v2\/comments?post=110608"}],"version-history":[{"count":1,"href":"https:\/\/primicias2262.com\/noticias\/wp-json\/wp\/v2\/posts\/110608\/revisions"}],"predecessor-version":[{"id":110611,"href":"https:\/\/primicias2262.com\/noticias\/wp-json\/wp\/v2\/posts\/110608\/revisions\/110611"}],"wp:featuredmedia":[{"embeddable":true,"href":"https:\/\/primicias2262.com\/noticias\/wp-json\/wp\/v2\/media\/110610"}],"wp:attachment":[{"href":"https:\/\/primicias2262.com\/noticias\/wp-json\/wp\/v2\/media?parent=110608"}],"wp:term":[{"taxonomy":"category","embeddable":true,"href":"https:\/\/primicias2262.com\/noticias\/wp-json\/wp\/v2\/categories?post=110608"},{"taxonomy":"post_tag","embeddable":true,"href":"https:\/\/primicias2262.com\/noticias\/wp-json\/wp\/v2\/tags?post=110608"}],"curies":[{"name":"wp","href":"https:\/\/api.w.org\/{rel}","templated":true}]}}