{"id":110701,"date":"2024-10-17T17:37:06","date_gmt":"2024-10-17T17:37:06","guid":{"rendered":"https:\/\/primicias2262.com\/noticias\/?p=110701"},"modified":"2024-10-18T15:22:02","modified_gmt":"2024-10-18T15:22:02","slug":"con-gran-exito-se-desarrollo-en-necochea-el-54-congreso-de-la-faped","status":"publish","type":"post","link":"https:\/\/primicias2262.com\/noticias\/con-gran-exito-se-desarrollo-en-necochea-el-54-congreso-de-la-faped\/","title":{"rendered":"Con gran \u00e9xito se desarroll\u00f3 en Necochea el 54\u00b0 congreso de la FAPED"},"content":{"rendered":"<p>Organizado por el C\u00edrculo de Periodistas Deportivos de Necochea, se desarroll\u00f3 esta semana y con gran \u00e9xito el\u00a0<strong>54\u00ba Congreso de la Federaci\u00f3n Argentina de Periodistas Deportivos<\/strong>.<\/p>\n<p>Este encuentro anual de la FAPED fue de car\u00e1cter internacional, con la visita de periodistas de Uruguay y Per\u00fa, seindo el epicentro del evento el Complejo Las Barrancas del Club Del Valle, una instituci\u00f3n que es un pilar para cada una de las realizaciones del C\u00edrculo.<\/p>\n<p>Con una nutrida agenda de actividades, charlas y disertaciones, las jornadas del martes 15 y mi\u00e9rcoles 16 de octubre dejaron un\u00a0<strong>muy buen balance para la Federaci\u00f3n<\/strong>\u00a0que preside el necochense\u00a0<strong>Santiago Veiga<\/strong>, quien a su vez encabez\u00f3 la Asamblea General Ordinaria del Congreso en el \u00faltimo d\u00eda del evento.<\/p>\n<p>Durante el acto de apertura del d\u00eda martes, Veiga present\u00f3 el Congreso con un claro\u00a0<strong>mensaje a favor de los clubes y las entidades civiles<\/strong>\u00a0<strong>y en desmedro de las Sociedades An\u00f3nimas Deportivas<\/strong>. Lo hizo junto al presidente del C\u00edrculo anfitri\u00f3n,\u00a0<strong>Agust\u00edn Betancor<\/strong>; el secretario de Turismo y Producci\u00f3n del municipio necochense,\u00a0<strong>Mat\u00edas Sierra<\/strong>; y la presidenta del Consorcio de Gesti\u00f3n de Puerto Quequ\u00e9n,\u00a0<strong>Lic. Jimena L\u00f3pez<\/strong>.<\/p>\n<p>Dicho acto fue precedido por las disertaciones de los periodistas\u00a0<strong>Ernesto Ortiz<\/strong>\u00a0de Uruguay y\u00a0<strong>Luis Salazar<\/strong>\u00a0de Per\u00fa, presidentes de los C\u00edrculos de su pa\u00eds, quienes hablaron sobre\u00a0<strong>\u201cLa hora de reinventarse y evolucionar en el periodismo deportivo\u201d<\/strong>; y\u00a0<strong>\u201c\u00c9tica y moral en la prensa deportiva\u201d<\/strong>, respectivamente.<\/p>\n<p>En tanto, el mi\u00e9rcoles se llevaron a cabo las charlas de los reconocidos periodistas\u00a0<strong>Jorge B\u00fasico\u00a0<\/strong>y\u00a0<strong>Daniel Arcucci<\/strong>. V\u00eda remota, B\u00fasico habl\u00f3 sobre el periodismo deportivo y su formaci\u00f3n; al tiempo que Arcucci emocion\u00f3 a todos en el sal\u00f3n de fiestas del Club Del Valle con su\u00a0<strong>\u201cContar a Maradona\u201d<\/strong>.<\/p>\n<p>El acto de clausura fue con la\u00a0<strong>entrega de reconocimientos<\/strong>\u00a0que se hizo desde FAPED al propio\u00a0<strong>Arcucci por su trayectoria<\/strong>; como as\u00ed al reconocido entrenador de b\u00e1squet\u00a0<strong>Sergio \u201cOveja\u201d Hern\u00e1ndez;<\/strong>\u00a0a uno de los grandes referentes del deporte necochense como\u00a0<strong>Pablo Meana<\/strong>; al periodista del C\u00edrculo anfitri\u00f3n,\u00a0<strong>Leonardo Menna<\/strong>; y al intendente de Necochea,\u00a0<strong>Arturo Rojas<\/strong>.<\/p>\n<p>Antes de ello, los integrantes del C\u00edrculo Deportivo local, Agust\u00edn Betancor y Luciano Badie, hicieron\u00a0<strong>entrega de la bandera nacional al periodista Carlos Dar\u00edo Santos\u00a0<\/strong>de Trelew, provincia de Chubut, pas\u00e1ndole de esa manera la posta organizativa del Congreso de cara al 2025.<\/p>\n<p>A continuaci\u00f3n se reproduce el <strong>documento final de FAPED<\/strong>\u00a0en Necochea:<\/p>\n<p>La FAPED ( Federaci\u00f3n Argentina de Periodistas Deportivos) en sus 70 a\u00f1os de vida, sostiene con el vigor y la fuerza que son propias de la instituci\u00f3n, una profunda convicci\u00f3n acerca del proyecto que se impulsa desde el gobierno nacional, sobre las SAD (Sociedades An\u00f3nimas Deportivas). Los Congresales aqu\u00ed reunidos y el Consejo Directivo en pleno deseamos manifestar nuestra profunda preocupaci\u00f3n por la imposici\u00f3n de un DNU que pone en riesgo el patrimonio cultural y deportivo que es un pilar de la sociedad argentina.<\/p>\n<p>Desde los Clubes de barrio, pasando por las entidades intermedias, hasta las instituciones m\u00e1s grandes y trascendentes del pa\u00eds est\u00e1n en riesgo. Sin un debate democr\u00e1tico, solo por imposici\u00f3n, resulta imposible llegar a buen puerto. Las SAD constituyen un atropello al derecho deportivo de millones de chicos y chicas que sue\u00f1an y creen en sus posibilidades competitivas y recreativas. El DEPORTE debe ser incluido dentro de los DD.HH. b\u00e1sicos que sirvan al desarrollo del pa\u00eds y la regi\u00f3n y no un negocio donde la materia prima (los deportistas) sean despojados de sus ilusiones. Con el modelo actual, Asociaci\u00f3n Civil sin Fines de Lucro, se alcanzaron t\u00edtulos Mundiales, Panamericanos, Sudamericanos, Ol\u00edmpicos y Paral\u00edmpicos, adem\u00e1s del reconocimiento y la admiraci\u00f3n de millones de fan\u00e1ticos en todo el mundo.<\/p>\n<p>Instamos a reflexionar a los que resulten escrutados por este documento, y a movilizar a los que sea menester, a los fines de poner al deporte en la agenda pol\u00edtica, sin el sesgo que se le intenta dar en la actualidad. El deporte necesita apoyos y compromisos desde el ESTADO NACIONAL, para su desarrollo. Hoy observamos que no est\u00e1 ocurriendo, muy por el contrario existe un menoscabo marcado hacia los deportistas.<\/p>\n<p>El estado del CENARD es una clara muestra de esto, la falta de inversi\u00f3n se hace evidente en \u00e1reas claves. La historia no se puede privatizar, los sue\u00f1os no se pueden privatizar y mucho menos la pasi\u00f3n no se puede privatizar.<\/p>\n<p>Agradecimiento del C\u00edrculo de Necochea para todos aquellos que hicieron posible el 54\u00ba Congreso de Faped:<\/p>\n<p>Club Del Valle, Municipalidad de Necochea,\u00a0 Consorcio de Gesti\u00f3n de\u00a0 Puerto Quequ\u00e9n,\u00a0 Sancor Seguros, Roberto Chiarle, Helados Chinos, Gustavo Sirimarco, Coca Cola, Pablo Guillam\u00f3n, Supermercado Toledo, Panader\u00eda\u00a0 La Imperial, Dami\u00e1n Unibaso, Older, Mart\u00edn Gait\u00e1n, Antares -Bocha Cuello, Alfajores\u00a0 02262, Pablo Tucella, Aguas Necochea,\u00a0 Medios de Comunicaci\u00f3n, Adolfo \u00abFito\u00bb Avila, Aguamarina Sports, Hotel Mar y Cielo, Eduardo Otero, Hotel Florencia, Mart\u00edn Garramone, Compa\u00f1\u00eda de Transportes Necochea, Karina Nicolas, Emilio Hoses, Sergio Melgarejo, N\u00e9stor Chalde, Juan Di Benedetto, Fernando \u201cTito\u201d G\u00f3mez, Abel \u00abPocho\u00bb Laghezza, Mauro Vel\u00e1zquez, Ignacio Hernando, Marcelo Yorno y personal del Apart Las Barrancas, Pablo Iglesias, El Abuelo panificados, Luz Azul, Agua Necochea, Marcelo Bolado, Team Maximiliano Saravia, Perforaciones Ortiz, Laboratorios LEB, Panader\u00eda La Imperial.<\/p>\n<p>C\u00edrculo de Periodistas Deportivos de Necochea<\/p>\n","protected":false},"excerpt":{"rendered":"<p>Organizado por el C\u00edrculo de Periodistas Deportivos de Necochea, se desarroll\u00f3 esta semana y con gran \u00e9xito el\u00a054\u00ba Congreso de la Federaci\u00f3n Argentina de Periodistas Deportivos. Este encuentro anual de la FAPED fue de car\u00e1cter internacional, con la visita de periodistas de Uruguay y Per\u00fa, seindo el epicentro del evento el Complejo Las Barrancas del [&hellip;]<\/p>\n","protected":false},"author":3,"featured_media":110702,"comment_status":"open","ping_status":"open","sticky":false,"template":"","format":"standard","meta":{"footnotes":""},"categories":[5],"tags":[],"class_list":{"0":"post-110701","1":"post","2":"type-post","3":"status-publish","4":"format-standard","5":"has-post-thumbnail","7":"category-neco"},"_links":{"self":[{"href":"https:\/\/primicias2262.com\/noticias\/wp-json\/wp\/v2\/posts\/110701","targetHints":{"allow":["GET"]}}],"collection":[{"href":"https:\/\/primicias2262.com\/noticias\/wp-json\/wp\/v2\/posts"}],"about":[{"href":"https:\/\/primicias2262.com\/noticias\/wp-json\/wp\/v2\/types\/post"}],"author":[{"embeddable":true,"href":"https:\/\/primicias2262.com\/noticias\/wp-json\/wp\/v2\/users\/3"}],"replies":[{"embeddable":true,"href":"https:\/\/primicias2262.com\/noticias\/wp-json\/wp\/v2\/comments?post=110701"}],"version-history":[{"count":2,"href":"https:\/\/primicias2262.com\/noticias\/wp-json\/wp\/v2\/posts\/110701\/revisions"}],"predecessor-version":[{"id":110732,"href":"https:\/\/primicias2262.com\/noticias\/wp-json\/wp\/v2\/posts\/110701\/revisions\/110732"}],"wp:featuredmedia":[{"embeddable":true,"href":"https:\/\/primicias2262.com\/noticias\/wp-json\/wp\/v2\/media\/110702"}],"wp:attachment":[{"href":"https:\/\/primicias2262.com\/noticias\/wp-json\/wp\/v2\/media?parent=110701"}],"wp:term":[{"taxonomy":"category","embeddable":true,"href":"https:\/\/primicias2262.com\/noticias\/wp-json\/wp\/v2\/categories?post=110701"},{"taxonomy":"post_tag","embeddable":true,"href":"https:\/\/primicias2262.com\/noticias\/wp-json\/wp\/v2\/tags?post=110701"}],"curies":[{"name":"wp","href":"https:\/\/api.w.org\/{rel}","templated":true}]}}