{"id":111550,"date":"2024-12-02T10:42:44","date_gmt":"2024-12-02T10:42:44","guid":{"rendered":"https:\/\/primicias2262.com\/noticias\/?p=111550"},"modified":"2024-12-02T16:44:36","modified_gmt":"2024-12-02T16:44:36","slug":"se-viene-la-expo-navidena-y-el-encendido-del-arbolito","status":"publish","type":"post","link":"https:\/\/primicias2262.com\/noticias\/se-viene-la-expo-navidena-y-el-encendido-del-arbolito\/","title":{"rendered":"Se viene la Expo Navide\u00f1a y el encendido del Arbolito"},"content":{"rendered":"<p><strong>La ceremonia lit\u00fargica se realizar\u00e1 a las 20 de este domingo y ser\u00e1 acompa\u00f1ada por un \u201cAbrazo Folcl\u00f3rico\u201d y un \u201cConcierto Navide\u00f1o\u201d. Adem\u00e1s, a lo largo del fin de semana habr\u00e1 un paseo emprendedor para recorrer en familia.<\/strong><\/p>\n<p>En la noche de este domingo 8 de diciembre se realizar\u00e1 el tradicional encendido del Arbolito de Navidad en la Plaza Dardo Rocha, en el marco de la liturgia cristiana que acogi\u00f3 este simbolismo para representar el nacimiento de Jesucristo, a dos semanas de las Fiestas y con una fiesta que se prolongar\u00e1 a lo largo de todo el fin de semana.<\/p>\n<p>El evento organizado por la Secretar\u00eda de Turismo y Desarrollo Productivo, a trav\u00e9s de las direcciones de Cultura y Emprendimientos y Pymes, comenzar\u00e1 el s\u00e1bado 7 con la puesta en funcionamiento de una Expo Navide\u00f1a en el bulevar del Monumento a Malvinas, en Avenida 59 entre 56 y 58, donde los emprendedores y emprendedoras locales comercializar\u00e1n productos relativos a la fecha desde las 18 de cada d\u00eda.<\/p>\n<p>Luego, el domingo 8 se realizar\u00e1 un \u201cAbrazo Folkl\u00f3rico\u201d al s\u00edmbolo navide\u00f1o desde las 18:30, para lo que se invita a todas las agrupaciones a participar con sus danzas t\u00edpicas; y a las 20 el esperado encendido de las luces del arbolito y la apertura del pesebre gigante en la manzana enfrentada al Palacio Municipal, donde desde hace algunos a\u00f1os queda ubicada esta instalaci\u00f3n para que la recorra la familia.<\/p>\n<p>Inmediatamente despu\u00e9s se subir\u00e1 al escenario Florencia Pinzone para abrir un \u201cConcierto Navide\u00f1o\u201d que tendr\u00e1 a la banda \u201cLos Borbotones\u201d como n\u00famero de cierre.<\/p>\n","protected":false},"excerpt":{"rendered":"<p>La ceremonia lit\u00fargica se realizar\u00e1 a las 20 de este domingo y ser\u00e1 acompa\u00f1ada por un \u201cAbrazo Folcl\u00f3rico\u201d y un \u201cConcierto Navide\u00f1o\u201d. Adem\u00e1s, a lo largo del fin de semana habr\u00e1 un paseo emprendedor para recorrer en familia. En la noche de este domingo 8 de diciembre se realizar\u00e1 el tradicional encendido del Arbolito de [&hellip;]<\/p>\n","protected":false},"author":3,"featured_media":111551,"comment_status":"open","ping_status":"open","sticky":false,"template":"","format":"standard","meta":{"footnotes":""},"categories":[5],"tags":[],"class_list":{"0":"post-111550","1":"post","2":"type-post","3":"status-publish","4":"format-standard","5":"has-post-thumbnail","7":"category-neco"},"_links":{"self":[{"href":"https:\/\/primicias2262.com\/noticias\/wp-json\/wp\/v2\/posts\/111550","targetHints":{"allow":["GET"]}}],"collection":[{"href":"https:\/\/primicias2262.com\/noticias\/wp-json\/wp\/v2\/posts"}],"about":[{"href":"https:\/\/primicias2262.com\/noticias\/wp-json\/wp\/v2\/types\/post"}],"author":[{"embeddable":true,"href":"https:\/\/primicias2262.com\/noticias\/wp-json\/wp\/v2\/users\/3"}],"replies":[{"embeddable":true,"href":"https:\/\/primicias2262.com\/noticias\/wp-json\/wp\/v2\/comments?post=111550"}],"version-history":[{"count":1,"href":"https:\/\/primicias2262.com\/noticias\/wp-json\/wp\/v2\/posts\/111550\/revisions"}],"predecessor-version":[{"id":111552,"href":"https:\/\/primicias2262.com\/noticias\/wp-json\/wp\/v2\/posts\/111550\/revisions\/111552"}],"wp:featuredmedia":[{"embeddable":true,"href":"https:\/\/primicias2262.com\/noticias\/wp-json\/wp\/v2\/media\/111551"}],"wp:attachment":[{"href":"https:\/\/primicias2262.com\/noticias\/wp-json\/wp\/v2\/media?parent=111550"}],"wp:term":[{"taxonomy":"category","embeddable":true,"href":"https:\/\/primicias2262.com\/noticias\/wp-json\/wp\/v2\/categories?post=111550"},{"taxonomy":"post_tag","embeddable":true,"href":"https:\/\/primicias2262.com\/noticias\/wp-json\/wp\/v2\/tags?post=111550"}],"curies":[{"name":"wp","href":"https:\/\/api.w.org\/{rel}","templated":true}]}}