{"id":111571,"date":"2024-12-03T12:44:52","date_gmt":"2024-12-03T12:44:52","guid":{"rendered":"https:\/\/primicias2262.com\/noticias\/?p=111571"},"modified":"2024-12-03T14:23:26","modified_gmt":"2024-12-03T14:23:26","slug":"el-agua-de-necochea-es-apta-para-el-consumo-humano-y-de-buena-calidad","status":"publish","type":"post","link":"https:\/\/primicias2262.com\/noticias\/el-agua-de-necochea-es-apta-para-el-consumo-humano-y-de-buena-calidad\/","title":{"rendered":"\u201cEl agua de Necochea es apta para el consumo humano y de buena calidad\u201d"},"content":{"rendered":"<p><strong>As\u00ed lo afirm\u00f3 Gustavo Fuhr de Bromatolog\u00eda, en referencia a las notas que han circulado sobre posibles altos niveles de ars\u00e9nico en el agua de la ciudad.<\/strong><\/p>\n<p>Ante la consulta period\u00edstica de Jorge G\u00f3mez en \u201cVoces de la ciudad\u201d, el agente de Bromatolog\u00eda e Higiene del municipio afirm\u00f3 que \u201cel agua de Necochea es apta para consumo humano y de buena calidad, no tengas dudas\u201d.<\/p>\n<p>Repas\u00f3 que \u201cac\u00e1 se hacen an\u00e1lisis bacteriol\u00f3gicos todos los meses y se van rotando los pozos a controlar, y dos veces al a\u00f1o an\u00e1lisis qu\u00edmicos y nos dan dentro de los par\u00e1metros provinciales exigidos por la ley\u201d.<\/p>\n<figure id=\"attachment_111572\" aria-describedby=\"caption-attachment-111572\" style=\"width: 2557px\" class=\"wp-caption aligncenter\"><a href=\"https:\/\/primicias2262.com\/noticias\/wp-content\/uploads\/2024\/12\/gustavo-fuhr.jpg\"><img loading=\"lazy\" decoding=\"async\" class=\"size-full wp-image-111572\" src=\"https:\/\/primicias2262.com\/noticias\/wp-content\/uploads\/2024\/12\/gustavo-fuhr.jpg\" alt=\"\" width=\"2557\" height=\"1439\" srcset=\"https:\/\/primicias2262.com\/noticias\/wp-content\/uploads\/2024\/12\/gustavo-fuhr.jpg 2557w, https:\/\/primicias2262.com\/noticias\/wp-content\/uploads\/2024\/12\/gustavo-fuhr-300x169.jpg 300w, https:\/\/primicias2262.com\/noticias\/wp-content\/uploads\/2024\/12\/gustavo-fuhr-1024x576.jpg 1024w, https:\/\/primicias2262.com\/noticias\/wp-content\/uploads\/2024\/12\/gustavo-fuhr-768x432.jpg 768w, https:\/\/primicias2262.com\/noticias\/wp-content\/uploads\/2024\/12\/gustavo-fuhr-1536x864.jpg 1536w, https:\/\/primicias2262.com\/noticias\/wp-content\/uploads\/2024\/12\/gustavo-fuhr-2048x1153.jpg 2048w, https:\/\/primicias2262.com\/noticias\/wp-content\/uploads\/2024\/12\/gustavo-fuhr-150x84.jpg 150w, https:\/\/primicias2262.com\/noticias\/wp-content\/uploads\/2024\/12\/gustavo-fuhr-696x392.jpg 696w, https:\/\/primicias2262.com\/noticias\/wp-content\/uploads\/2024\/12\/gustavo-fuhr-1068x601.jpg 1068w, https:\/\/primicias2262.com\/noticias\/wp-content\/uploads\/2024\/12\/gustavo-fuhr-1920x1081.jpg 1920w\" sizes=\"auto, (max-width: 2557px) 100vw, 2557px\" \/><\/a><figcaption id=\"caption-attachment-111572\" class=\"wp-caption-text\">Gustavo Fuhr &#8211; Bromatolog\u00eda<\/figcaption><\/figure>\n<p>Si bien defini\u00f3 que \u201ces un agua dura a la cual se le forma sarro reglamentario y tiene ars\u00e9nico dentro de los l\u00edmites permitidos dentro de la Provincia de Buenos Aires y de la Organizaci\u00f3n Mundial de la Salud\u201d, insisti\u00f3 en que por lo tanto \u201ces agua apta para consumo\u201d.<\/p>\n<p>\u201cLos an\u00e1lisis est\u00e1n dentro de los l\u00edmites de la ley provincial, por lo cual es apta para el consumo\u201d, reafirm\u00f3, para asegurar que por este tema \u201cnadie nos llam\u00f3, y nosotros todos los informes se los pasamos a la Secretar\u00eda de Salud\u201d.<\/p>\n","protected":false},"excerpt":{"rendered":"<p>As\u00ed lo afirm\u00f3 Gustavo Fuhr de Bromatolog\u00eda, en referencia a las notas que han circulado sobre posibles altos niveles de ars\u00e9nico en el agua de la ciudad. Ante la consulta period\u00edstica de Jorge G\u00f3mez en \u201cVoces de la ciudad\u201d, el agente de Bromatolog\u00eda e Higiene del municipio afirm\u00f3 que \u201cel agua de Necochea es apta [&hellip;]<\/p>\n","protected":false},"author":3,"featured_media":111574,"comment_status":"open","ping_status":"open","sticky":false,"template":"","format":"standard","meta":{"footnotes":""},"categories":[5],"tags":[],"class_list":{"0":"post-111571","1":"post","2":"type-post","3":"status-publish","4":"format-standard","5":"has-post-thumbnail","7":"category-neco"},"_links":{"self":[{"href":"https:\/\/primicias2262.com\/noticias\/wp-json\/wp\/v2\/posts\/111571","targetHints":{"allow":["GET"]}}],"collection":[{"href":"https:\/\/primicias2262.com\/noticias\/wp-json\/wp\/v2\/posts"}],"about":[{"href":"https:\/\/primicias2262.com\/noticias\/wp-json\/wp\/v2\/types\/post"}],"author":[{"embeddable":true,"href":"https:\/\/primicias2262.com\/noticias\/wp-json\/wp\/v2\/users\/3"}],"replies":[{"embeddable":true,"href":"https:\/\/primicias2262.com\/noticias\/wp-json\/wp\/v2\/comments?post=111571"}],"version-history":[{"count":3,"href":"https:\/\/primicias2262.com\/noticias\/wp-json\/wp\/v2\/posts\/111571\/revisions"}],"predecessor-version":[{"id":111579,"href":"https:\/\/primicias2262.com\/noticias\/wp-json\/wp\/v2\/posts\/111571\/revisions\/111579"}],"wp:featuredmedia":[{"embeddable":true,"href":"https:\/\/primicias2262.com\/noticias\/wp-json\/wp\/v2\/media\/111574"}],"wp:attachment":[{"href":"https:\/\/primicias2262.com\/noticias\/wp-json\/wp\/v2\/media?parent=111571"}],"wp:term":[{"taxonomy":"category","embeddable":true,"href":"https:\/\/primicias2262.com\/noticias\/wp-json\/wp\/v2\/categories?post=111571"},{"taxonomy":"post_tag","embeddable":true,"href":"https:\/\/primicias2262.com\/noticias\/wp-json\/wp\/v2\/tags?post=111571"}],"curies":[{"name":"wp","href":"https:\/\/api.w.org\/{rel}","templated":true}]}}