{"id":111627,"date":"2024-12-04T18:44:19","date_gmt":"2024-12-04T18:44:19","guid":{"rendered":"https:\/\/primicias2262.com\/noticias\/?p=111627"},"modified":"2024-12-04T18:44:19","modified_gmt":"2024-12-04T18:44:19","slug":"fiesta-del-deporte-se-conoce-la-primera-tanda-de-menciones-y-reconocimientos","status":"publish","type":"post","link":"https:\/\/primicias2262.com\/noticias\/fiesta-del-deporte-se-conoce-la-primera-tanda-de-menciones-y-reconocimientos\/","title":{"rendered":"Fiesta del Deporte: Se conoce la primera tanda de Menciones y Reconocimientos"},"content":{"rendered":"<p><strong>El venidero martes 10 de diciembre ser\u00e1 la primera ceremonia de la 25ta Gran Fiesta del Deporte en el Teatro Toledo con la entrega de Menciones Especiales y Reconocimientos, gala para la que el C\u00edrculo de Periodistas Deportivos da a conocer una primera tanda de premios.<\/strong><\/p>\n<p><strong>MENCIONES ESPECIALES:<\/strong><\/p>\n<ul>\n<li>Oros Juegos Bonaerenses: Denisse Ludue\u00f1a; Camila P\u00e1ez y Carolina Gauna (Atletismo PCD) ; Beach H\u00e1ndbol Sub 14 Alta Mira<\/li>\n<li>Gustavo Verdese, entrenador de f\u00fatbol infanto-juvenil<\/li>\n<li>Squash Villa D\u00edaz V\u00e9lez<\/li>\n<li>B\u00e1squet Femenino Club Rivadavia<\/li>\n<li>Mario \u201cPancho\u201d Echavarr\u00eda<\/li>\n<li>Gonzalo Ortiz &#8211; Profesor del Necochea Golf Club<\/li>\n<li>Jorge Newbery F\u00fatbol Senior<\/li>\n<li>Boca Necochea \u2013 LIFA femenino<\/li>\n<li>Alumni de Lober\u00eda \u2013 LIFA masculino<\/li>\n<li>Cecilia Alcorta \u2013 La Carrera de la Mujer<\/li>\n<li>Jos\u00e9 Fern\u00e1ndez Guerrero \u2013 organizaci\u00f3n de pruebas pedestres<\/li>\n<li>Sur Cup de f\u00fatbol infanto-juvenil<\/li>\n<li>F\u00fatbol Primera Divisi\u00f3n de Villa D\u00edaz V\u00e9lez<\/li>\n<li>Cestobol Centro Vasco<\/li>\n<li>Selecci\u00f3n Juvenil Sub 15 de F\u00fatbol<\/li>\n<\/ul>\n<p><strong>RECONOCIMIENTOS:<\/strong><\/p>\n<ul>\n<li>Agustina Arista &#8211; Hockey<\/li>\n<li>Juan Pablo Zozaya &#8211; F\u00fatbol<\/li>\n<li>Santiago Roumec &#8211; Pat\u00edn carrera<\/li>\n<li>Emiliano Basabe &#8211; B\u00e1squet<\/li>\n<li>Leonardo Trist\u00e1n &#8211; Ajedrez<\/li>\n<li>Nerea Castiglione &#8211; Canotaje slalom<\/li>\n<li>In\u00e9s Perpetto &#8211; F\u00fatbol femenino<\/li>\n<li>Daiana Perpetto &#8211; F\u00fatbol femenino<\/li>\n<li>M\u00eda Go\u00f1i &#8211; F\u00fatbol femenino<\/li>\n<li>Valentina Bacigalupe &#8211; F\u00fatbol femenino<\/li>\n<li>Jacqueline Albarenque &#8211; F\u00fatbol femenino<\/li>\n<\/ul>\n<p>Vale aclarar que en las horas siguientes se dar\u00e1n a conocer m\u00e1s Menciones Especiales y Reconocimientos, y con ello la lista definitiva de cara al venidero martes 10 de diciembre en el Teatro Toledo, a partir de las 19.30.<\/p>\n","protected":false},"excerpt":{"rendered":"<p>El venidero martes 10 de diciembre ser\u00e1 la primera ceremonia de la 25ta Gran Fiesta del Deporte en el Teatro Toledo con la entrega de Menciones Especiales y Reconocimientos, gala para la que el C\u00edrculo de Periodistas Deportivos da a conocer una primera tanda de premios. MENCIONES ESPECIALES: Oros Juegos Bonaerenses: Denisse Ludue\u00f1a; Camila P\u00e1ez [&hellip;]<\/p>\n","protected":false},"author":3,"featured_media":111628,"comment_status":"open","ping_status":"open","sticky":false,"template":"","format":"standard","meta":{"footnotes":""},"categories":[5],"tags":[],"class_list":{"0":"post-111627","1":"post","2":"type-post","3":"status-publish","4":"format-standard","5":"has-post-thumbnail","7":"category-neco"},"_links":{"self":[{"href":"https:\/\/primicias2262.com\/noticias\/wp-json\/wp\/v2\/posts\/111627","targetHints":{"allow":["GET"]}}],"collection":[{"href":"https:\/\/primicias2262.com\/noticias\/wp-json\/wp\/v2\/posts"}],"about":[{"href":"https:\/\/primicias2262.com\/noticias\/wp-json\/wp\/v2\/types\/post"}],"author":[{"embeddable":true,"href":"https:\/\/primicias2262.com\/noticias\/wp-json\/wp\/v2\/users\/3"}],"replies":[{"embeddable":true,"href":"https:\/\/primicias2262.com\/noticias\/wp-json\/wp\/v2\/comments?post=111627"}],"version-history":[{"count":1,"href":"https:\/\/primicias2262.com\/noticias\/wp-json\/wp\/v2\/posts\/111627\/revisions"}],"predecessor-version":[{"id":111629,"href":"https:\/\/primicias2262.com\/noticias\/wp-json\/wp\/v2\/posts\/111627\/revisions\/111629"}],"wp:featuredmedia":[{"embeddable":true,"href":"https:\/\/primicias2262.com\/noticias\/wp-json\/wp\/v2\/media\/111628"}],"wp:attachment":[{"href":"https:\/\/primicias2262.com\/noticias\/wp-json\/wp\/v2\/media?parent=111627"}],"wp:term":[{"taxonomy":"category","embeddable":true,"href":"https:\/\/primicias2262.com\/noticias\/wp-json\/wp\/v2\/categories?post=111627"},{"taxonomy":"post_tag","embeddable":true,"href":"https:\/\/primicias2262.com\/noticias\/wp-json\/wp\/v2\/tags?post=111627"}],"curies":[{"name":"wp","href":"https:\/\/api.w.org\/{rel}","templated":true}]}}