{"id":111661,"date":"2024-12-06T11:25:28","date_gmt":"2024-12-06T11:25:28","guid":{"rendered":"https:\/\/primicias2262.com\/noticias\/?p=111661"},"modified":"2024-12-06T11:25:28","modified_gmt":"2024-12-06T11:25:28","slug":"voces-de-la-ciudad-se-suma-desde-enero-de-2025-al-multimedios-nq-de-necochea","status":"publish","type":"post","link":"https:\/\/primicias2262.com\/noticias\/voces-de-la-ciudad-se-suma-desde-enero-de-2025-al-multimedios-nq-de-necochea\/","title":{"rendered":"Voces de la Ciudad se suma desde enero de 2025 al Multimedios NQ de Necochea"},"content":{"rendered":"<p><strong>El conocido programa de noticias matutino que conduce el periodista Jorge G\u00f3mez ser\u00e1 parte desde el arranque del nuevo a\u00f1o de la oferta radial de Estaci\u00f3n FREE, situada en el 90.3 Mhz en la franja de frecuencia modulada, se\u00f1al que est\u00e1 a cargo del citado Multimedios, y que anticipa otras numerosas novedades, muy pronto a conocerse.<\/strong><\/p>\n<p>El Multimedios NQ de Necochea, cuyas cabeceras de vinculaci\u00f3n de informaci\u00f3n cotidiana se basa local y regionalmente desde la p\u00e1gina web diarionq.com.ar y su importante se\u00f1al de Nec Radio, situada en el 98.3 Mhz en frecuencia modulada, se encuentra a pocas horas de sumar a su paquete de oferta de noticias a otras se\u00f1ales de radio, y en este caso, dentro de la denominada Estaci\u00f3n FREE, que se sintoniza en el 90.3 Mhz en la franja de frecuencia modulada, al conocido programa de noticias matutitno Voces de la Ciudad que conduce el periodista Jorge G\u00f3mez.<\/p>\n<p>Las avanzadas y productivas conversaciones estar\u00e1n a la vista en pocos d\u00edas con la r\u00fabrica de los convenios del caso, poni\u00e9ndose en marcha oficialmente el citado programa de noticias que se emite de lunes a viernes de 7.30 a 10.30 desde enero venidero, o sea a partir del nuevo a\u00f1o.<\/p>\n<p>Habr\u00e1 un inicio en esa franja, con un corto cambio horario debido a las vacaciones que habilitan el primer mes de 2025 y sus consiguientes vacaciones.<\/p>\n<p>En el transcurso de este mes de diciembre ya se puede ir sintonizando a Voces de la Ciudad, en calidad de prueba t\u00e9cnica y en esa franja horaria, a trav\u00e9s de la citada se\u00f1al de Estaci\u00f3n FREE, situada en el 90.3 Mhz de frecuencia modulada, caracterizada adem\u00e1s por una propuesta art\u00edstica musical que acompa\u00f1ar\u00e1 a su audiencia durante el resto de la jornada.<\/p>\n<p>El mencionado programa de noticias es conducido por el periodista Jorge G\u00f3mez, y siempre acompa\u00f1ado por un nutrido grupo de colaboradores.<\/p>\n<p>En la actualidad est\u00e1 en el aire radial de Necochea y Quequ\u00e9n a trav\u00e9s de la se\u00f1al de Del Mar FM.<\/p>\n<p>El 31 de diciembre llegar\u00e1 a su t\u00e9rmino este acuerdo entre estas Voces de la Ciudad y Del Mar FM, en un cierre acordado y pautado como consecuencia de las positivas charlas que se han desarrollado esta primavera.<\/p>\n<p>El Multimedios NQ de Necochea, de importante presencia informativa y de noticias en nuestras ciudades y en la regi\u00f3n, estar\u00e1 a\u00f1adiendo en las pr\u00f3ximas semanas una serie de nuevas propuestas de contenidos period\u00edsticos desde sus diversas plataformas que van desde lo radial -con varias se\u00f1ales, entre ellas la Nec Radio-, la aludida p\u00e1gina web &#8211; diarionq.com.ar-, y las redes sociales a su cargo, llevando plena y constante actualidad.<\/p>\n<p>Desde Instagram y Facebook, con la actualidad al momento en cuanto a la difusi\u00f3n de noticias locales, zonales, provinciales, nacionales e internacionales.<\/p>\n<p>Vale citar que el Multimedios NQ tiene presencia no tan s\u00f3lo en Necochea y Quequ\u00e9n, base central de su oferta period\u00edstica diaria, sino en las ciudades de Lober\u00eda, San Cayetano, Balcarce, y las localidades de La Dulce, Juan N. Fern\u00e1ndez y Claraz, como as\u00ed la amplia franja de comunidades del interior del Sudeste bonaerense.<\/p>\n<div id='gallery-1' class='gallery galleryid-111661 gallery-columns-2 gallery-size-medium'><figure class='gallery-item'>\n\t\t\t<div class='gallery-icon landscape'>\n\t\t\t\t<a href='https:\/\/primicias2262.com\/noticias\/voces-de-la-ciudad-se-suma-desde-enero-de-2025-al-multimedios-nq-de-necochea\/whatsapp-image-2024-12-05-at-11-47-55-pm\/'><img loading=\"lazy\" decoding=\"async\" width=\"300\" height=\"225\" src=\"https:\/\/primicias2262.com\/noticias\/wp-content\/uploads\/2024\/12\/WhatsApp-Image-2024-12-05-at-11.47.55-PM-300x225.jpeg\" class=\"attachment-medium size-medium\" alt=\"\" srcset=\"https:\/\/primicias2262.com\/noticias\/wp-content\/uploads\/2024\/12\/WhatsApp-Image-2024-12-05-at-11.47.55-PM-300x225.jpeg 300w, https:\/\/primicias2262.com\/noticias\/wp-content\/uploads\/2024\/12\/WhatsApp-Image-2024-12-05-at-11.47.55-PM-1024x768.jpeg 1024w, https:\/\/primicias2262.com\/noticias\/wp-content\/uploads\/2024\/12\/WhatsApp-Image-2024-12-05-at-11.47.55-PM-768x576.jpeg 768w, https:\/\/primicias2262.com\/noticias\/wp-content\/uploads\/2024\/12\/WhatsApp-Image-2024-12-05-at-11.47.55-PM-150x113.jpeg 150w, https:\/\/primicias2262.com\/noticias\/wp-content\/uploads\/2024\/12\/WhatsApp-Image-2024-12-05-at-11.47.55-PM-696x522.jpeg 696w, https:\/\/primicias2262.com\/noticias\/wp-content\/uploads\/2024\/12\/WhatsApp-Image-2024-12-05-at-11.47.55-PM-1068x801.jpeg 1068w, https:\/\/primicias2262.com\/noticias\/wp-content\/uploads\/2024\/12\/WhatsApp-Image-2024-12-05-at-11.47.55-PM.jpeg 1280w\" sizes=\"auto, (max-width: 300px) 100vw, 300px\" \/><\/a>\n\t\t\t<\/div><\/figure><figure class='gallery-item'>\n\t\t\t<div class='gallery-icon landscape'>\n\t\t\t\t<a href='https:\/\/primicias2262.com\/noticias\/voces-de-la-ciudad-se-suma-desde-enero-de-2025-al-multimedios-nq-de-necochea\/whatsapp-image-2024-12-05-at-11-47-56-pm\/'><img loading=\"lazy\" decoding=\"async\" width=\"300\" height=\"225\" src=\"https:\/\/primicias2262.com\/noticias\/wp-content\/uploads\/2024\/12\/WhatsApp-Image-2024-12-05-at-11.47.56-PM-300x225.jpeg\" class=\"attachment-medium size-medium\" alt=\"\" srcset=\"https:\/\/primicias2262.com\/noticias\/wp-content\/uploads\/2024\/12\/WhatsApp-Image-2024-12-05-at-11.47.56-PM-300x225.jpeg 300w, https:\/\/primicias2262.com\/noticias\/wp-content\/uploads\/2024\/12\/WhatsApp-Image-2024-12-05-at-11.47.56-PM-1024x768.jpeg 1024w, https:\/\/primicias2262.com\/noticias\/wp-content\/uploads\/2024\/12\/WhatsApp-Image-2024-12-05-at-11.47.56-PM-768x576.jpeg 768w, https:\/\/primicias2262.com\/noticias\/wp-content\/uploads\/2024\/12\/WhatsApp-Image-2024-12-05-at-11.47.56-PM-150x113.jpeg 150w, https:\/\/primicias2262.com\/noticias\/wp-content\/uploads\/2024\/12\/WhatsApp-Image-2024-12-05-at-11.47.56-PM-696x522.jpeg 696w, https:\/\/primicias2262.com\/noticias\/wp-content\/uploads\/2024\/12\/WhatsApp-Image-2024-12-05-at-11.47.56-PM-1068x801.jpeg 1068w, https:\/\/primicias2262.com\/noticias\/wp-content\/uploads\/2024\/12\/WhatsApp-Image-2024-12-05-at-11.47.56-PM.jpeg 1280w\" sizes=\"auto, (max-width: 300px) 100vw, 300px\" \/><\/a>\n\t\t\t<\/div><\/figure>\n\t\t<\/div>\n\n<p>Voces de la Ciudad de esta manera ser\u00e1 parte de la propuesta general de NQ -a trav\u00e9s de Estaci\u00f3n FREE, 90.3-, que, de esta manera, y entre otras, se expande con novedades que, se reitera, se ir\u00e1n conociendo en el devenir del cierre de 2024 como as\u00ed en el arranque de 2025.<\/p>\n<p>Tal conocido programa de noticias a cargo de Jorge G\u00f3mez -titular de la agencia JG Producciones- se lo puede sintonizar asimismo tanto ahora como desde enero venidero por su propio streaming mediante el acceso a Youtube, ingresando a Voces de la Ciudad Necochea como as\u00ed en el streaming de Agenda Necochense y la p\u00e1gina web www.agendanecochense.com.<\/p>\n<p>El citado magazine informativo se lo puede escuchar en la actualidad, al igual que suceder\u00e1 desde enero pr\u00f3ximo, ingresando a la web por www.vocesdelaciudad.net.ar, y por www.vocesdenecochea.com.ar, al igual que a trav\u00e9s de los dos muros de Facebook del periodista Jorge G\u00f3mez. Se recuerda que Voces de la Ciudad es conducido por mencionado el periodista, contando con el aporte, en la difusi\u00f3n y producci\u00f3n de las noticias, de un grupo de colaboradores integrado, entre otros, por Daniel Gonz\u00e1lez, Marita Maranchelli, Jer\u00f3nimo Franceschini, Eloy Casares, Daniel Chirichino, y Hugo Arroyo.<\/p>\n<p>Marcelo Tomalino, en nombre de Multimedios NQ, y Jorge G\u00f3mez, en nombre de JG Producciones, rubrican el convenio por el cual el programa de noticias Voces de la Ciudad comenzar\u00e1 desde el nuevo a\u00f1o a emitirse por Estaci\u00f3n FREE, 90.3 MHz<\/p>\n","protected":false},"excerpt":{"rendered":"<p>El conocido programa de noticias matutino que conduce el periodista Jorge G\u00f3mez ser\u00e1 parte desde el arranque del nuevo a\u00f1o de la oferta radial de Estaci\u00f3n FREE, situada en el 90.3 Mhz en la franja de frecuencia modulada, se\u00f1al que est\u00e1 a cargo del citado Multimedios, y que anticipa otras numerosas novedades, muy pronto a [&hellip;]<\/p>\n","protected":false},"author":3,"featured_media":111662,"comment_status":"open","ping_status":"open","sticky":false,"template":"","format":"standard","meta":{"footnotes":""},"categories":[5],"tags":[],"class_list":{"0":"post-111661","1":"post","2":"type-post","3":"status-publish","4":"format-standard","5":"has-post-thumbnail","7":"category-neco"},"_links":{"self":[{"href":"https:\/\/primicias2262.com\/noticias\/wp-json\/wp\/v2\/posts\/111661","targetHints":{"allow":["GET"]}}],"collection":[{"href":"https:\/\/primicias2262.com\/noticias\/wp-json\/wp\/v2\/posts"}],"about":[{"href":"https:\/\/primicias2262.com\/noticias\/wp-json\/wp\/v2\/types\/post"}],"author":[{"embeddable":true,"href":"https:\/\/primicias2262.com\/noticias\/wp-json\/wp\/v2\/users\/3"}],"replies":[{"embeddable":true,"href":"https:\/\/primicias2262.com\/noticias\/wp-json\/wp\/v2\/comments?post=111661"}],"version-history":[{"count":1,"href":"https:\/\/primicias2262.com\/noticias\/wp-json\/wp\/v2\/posts\/111661\/revisions"}],"predecessor-version":[{"id":111665,"href":"https:\/\/primicias2262.com\/noticias\/wp-json\/wp\/v2\/posts\/111661\/revisions\/111665"}],"wp:featuredmedia":[{"embeddable":true,"href":"https:\/\/primicias2262.com\/noticias\/wp-json\/wp\/v2\/media\/111662"}],"wp:attachment":[{"href":"https:\/\/primicias2262.com\/noticias\/wp-json\/wp\/v2\/media?parent=111661"}],"wp:term":[{"taxonomy":"category","embeddable":true,"href":"https:\/\/primicias2262.com\/noticias\/wp-json\/wp\/v2\/categories?post=111661"},{"taxonomy":"post_tag","embeddable":true,"href":"https:\/\/primicias2262.com\/noticias\/wp-json\/wp\/v2\/tags?post=111661"}],"curies":[{"name":"wp","href":"https:\/\/api.w.org\/{rel}","templated":true}]}}