{"id":111666,"date":"2024-12-06T17:12:39","date_gmt":"2024-12-06T17:12:39","guid":{"rendered":"https:\/\/primicias2262.com\/noticias\/?p=111666"},"modified":"2024-12-06T17:12:39","modified_gmt":"2024-12-06T17:12:39","slug":"rojas-destaco-avances-en-las-relaciones-con-la-usina-y-se-refirio-al-puerto","status":"publish","type":"post","link":"https:\/\/primicias2262.com\/noticias\/rojas-destaco-avances-en-las-relaciones-con-la-usina-y-se-refirio-al-puerto\/","title":{"rendered":"Rojas destac\u00f3 avances en las relaciones con la Usina y se refiri\u00f3 al Puerto"},"content":{"rendered":"<p><strong>El intendente de Necochea, Arturo Rojas, en declaraciones recientes en \u201cVoces de la ciudad\u201d con el periodista Jorge G\u00f3mez, abord\u00f3 la relaci\u00f3n con dos de las instituciones m\u00e1s relevantes de la ciudad: la Usina Popular Cooperativa (UPC) y el Consorcio de Gesti\u00f3n del Puerto Quequ\u00e9n, se\u00f1alando avances significativos en el trabajo conjunto y temas pendientes que buscan resolverse a mediano plazo.<\/strong><\/p>\n<p>El jefe comunal destac\u00f3 que la relaci\u00f3n con la Usina Popular Cooperativa ha mejorado notablemente en los \u00faltimos tiempos. Uno de los avances clave ha sido el **mantenimiento del alumbrado p\u00fablico, que por ordenanza queda a cargo de la Usina de forma gratuita durante los pr\u00f3ximos cuatro a\u00f1os. Por su parte, el municipio est\u00e1 adquiriendo nuevas luminarias para reemplazar las columnas y sistemas da\u00f1ados, adem\u00e1s de modernizar aquellas que ya cumplieron su ciclo.<\/p>\n<p>Sin embargo, hay cuestiones a\u00fan en disputa. El intendente se\u00f1al\u00f3 que la Usina reclam\u00f3 un monto de 1.350 millones de pesos, pero tras an\u00e1lisis y revisi\u00f3n, solo pudieron justificar 1.000 millones, y parte de esa documentaci\u00f3n inclu\u00eda facturas de la d\u00e9cada del 50 que est\u00e1n vencidas o prescriptas. Pese a estas diferencias, asegur\u00f3 que actualmente la relaci\u00f3n con las autoridades de la Usina es \u201cotra\u201d, marcada por el di\u00e1logo y el enfoque en soluciones conjuntas.<\/p>\n<p>Respecto al Consorcio de Gesti\u00f3n del Puerto Quequ\u00e9n, el intendente resalt\u00f3 la importancia de mantener un representante municipal, cargo que hoy ocupa Juan Peralta. La relaci\u00f3n se centra en acompa\u00f1ar proyectos y resolver cuestiones estrat\u00e9gicas, especialmente en torno a futuras inversiones como las relacionadas con Terminal Quequ\u00e9n.<\/p>\n<p>El mandatario insisti\u00f3 en la postura de que la mitad de las inversiones iniciales que recauda el Puerto deber\u00edan destinarse al Estado municipal, con el objetivo de ejecutar obras p\u00fablicas en los sectores vinculados a Quequ\u00e9n. \u201cVamos a seguir reclamando estos recursos porque son esenciales para el desarrollo de la comunidad local\u201d, subray\u00f3.<\/p>\n<p>Ambas relaciones, seg\u00fan el intendente, son fundamentales para el progreso de Necochea. Aunque se han logrado acuerdos importantes, todav\u00eda persisten cuestiones por resolver que requieren tiempo, di\u00e1logo y compromiso de las partes involucradas.<\/p>\n","protected":false},"excerpt":{"rendered":"<p>El intendente de Necochea, Arturo Rojas, en declaraciones recientes en \u201cVoces de la ciudad\u201d con el periodista Jorge G\u00f3mez, abord\u00f3 la relaci\u00f3n con dos de las instituciones m\u00e1s relevantes de la ciudad: la Usina Popular Cooperativa (UPC) y el Consorcio de Gesti\u00f3n del Puerto Quequ\u00e9n, se\u00f1alando avances significativos en el trabajo conjunto y temas pendientes [&hellip;]<\/p>\n","protected":false},"author":3,"featured_media":111667,"comment_status":"open","ping_status":"open","sticky":false,"template":"","format":"standard","meta":{"footnotes":""},"categories":[6],"tags":[],"class_list":{"0":"post-111666","1":"post","2":"type-post","3":"status-publish","4":"format-standard","5":"has-post-thumbnail","7":"category-portada2"},"_links":{"self":[{"href":"https:\/\/primicias2262.com\/noticias\/wp-json\/wp\/v2\/posts\/111666","targetHints":{"allow":["GET"]}}],"collection":[{"href":"https:\/\/primicias2262.com\/noticias\/wp-json\/wp\/v2\/posts"}],"about":[{"href":"https:\/\/primicias2262.com\/noticias\/wp-json\/wp\/v2\/types\/post"}],"author":[{"embeddable":true,"href":"https:\/\/primicias2262.com\/noticias\/wp-json\/wp\/v2\/users\/3"}],"replies":[{"embeddable":true,"href":"https:\/\/primicias2262.com\/noticias\/wp-json\/wp\/v2\/comments?post=111666"}],"version-history":[{"count":1,"href":"https:\/\/primicias2262.com\/noticias\/wp-json\/wp\/v2\/posts\/111666\/revisions"}],"predecessor-version":[{"id":111668,"href":"https:\/\/primicias2262.com\/noticias\/wp-json\/wp\/v2\/posts\/111666\/revisions\/111668"}],"wp:featuredmedia":[{"embeddable":true,"href":"https:\/\/primicias2262.com\/noticias\/wp-json\/wp\/v2\/media\/111667"}],"wp:attachment":[{"href":"https:\/\/primicias2262.com\/noticias\/wp-json\/wp\/v2\/media?parent=111666"}],"wp:term":[{"taxonomy":"category","embeddable":true,"href":"https:\/\/primicias2262.com\/noticias\/wp-json\/wp\/v2\/categories?post=111666"},{"taxonomy":"post_tag","embeddable":true,"href":"https:\/\/primicias2262.com\/noticias\/wp-json\/wp\/v2\/tags?post=111666"}],"curies":[{"name":"wp","href":"https:\/\/api.w.org\/{rel}","templated":true}]}}