{"id":111719,"date":"2024-12-10T18:11:04","date_gmt":"2024-12-10T18:11:04","guid":{"rendered":"https:\/\/primicias2262.com\/noticias\/?p=111719"},"modified":"2024-12-10T18:11:04","modified_gmt":"2024-12-10T18:11:04","slug":"mary-collado-los-abuelos-estamos-solos","status":"publish","type":"post","link":"https:\/\/primicias2262.com\/noticias\/mary-collado-los-abuelos-estamos-solos\/","title":{"rendered":"Mary Collado: \u201cLos abuelos estamos solos\u201d"},"content":{"rendered":"<p>La dirigente social y barrial de la Asociaci\u00f3n de Fomento del Barrio Sur, Mary Collado, advirti\u00f3 que \u201clos abuelos estamos solos\u201d.<\/p>\n<p>En di\u00e1logo con el periodista Jorge G\u00f3mez en el programa radial Voces de la Ciudad, Mary Collado, jubilada e hist\u00f3rica dirigente social y barrial reclam\u00f3 por la situaci\u00f3n de los abuelos destacando que la decisi\u00f3n del gobierno nacional con los medicamentos \u201ces un crimen lo que han hecho con los abuelos\u201d.<\/p>\n<p>Continu\u00f3 destacando que hasta hace muy poco los abuelos ten\u00edan 5 medicamentos que cubr\u00edan el 100% de su costo. Si ten\u00edan que tomar m\u00e1s de 5 medicamentos, por el excedente ten\u00edan que pagar el 50%.<\/p>\n<p>Asimismo, destac\u00f3 que hay medicamentos que se toman de por vida y que los dejan de tomar con las consecuencias para la salud afirmando que \u201chay abuelos que llaman llorando porque no pueden comprar los medicamentos\u201d.<\/p>\n<p>Continu\u00f3 afirmando \u201cahora los abuelos est\u00e1n eligiendo los medicamentos y me da bronca que los dirigentes no acompa\u00f1an a los abuelos; es muy triste lo que est\u00e1 pasando, escuchar a un abuelo llorando es terrible\u201d.<\/p>\n<p>Finalmente se pregunt\u00f3 \u201c\u00bfNo se por qu\u00e9 estamos tan callados? Tenemos que salir a la calle a reclamar, al PAMI y pedirle a los referentes pol\u00edticos que ayuden a los abuelos. Necesitamos que los dirigentes vean lo que est\u00e1 pasando con los abuelos\u201d.<\/p>\n","protected":false},"excerpt":{"rendered":"<p>La dirigente social y barrial de la Asociaci\u00f3n de Fomento del Barrio Sur, Mary Collado, advirti\u00f3 que \u201clos abuelos estamos solos\u201d. En di\u00e1logo con el periodista Jorge G\u00f3mez en el programa radial Voces de la Ciudad, Mary Collado, jubilada e hist\u00f3rica dirigente social y barrial reclam\u00f3 por la situaci\u00f3n de los abuelos destacando que la [&hellip;]<\/p>\n","protected":false},"author":3,"featured_media":111720,"comment_status":"open","ping_status":"open","sticky":false,"template":"","format":"standard","meta":{"footnotes":""},"categories":[5],"tags":[],"class_list":{"0":"post-111719","1":"post","2":"type-post","3":"status-publish","4":"format-standard","5":"has-post-thumbnail","7":"category-neco"},"_links":{"self":[{"href":"https:\/\/primicias2262.com\/noticias\/wp-json\/wp\/v2\/posts\/111719","targetHints":{"allow":["GET"]}}],"collection":[{"href":"https:\/\/primicias2262.com\/noticias\/wp-json\/wp\/v2\/posts"}],"about":[{"href":"https:\/\/primicias2262.com\/noticias\/wp-json\/wp\/v2\/types\/post"}],"author":[{"embeddable":true,"href":"https:\/\/primicias2262.com\/noticias\/wp-json\/wp\/v2\/users\/3"}],"replies":[{"embeddable":true,"href":"https:\/\/primicias2262.com\/noticias\/wp-json\/wp\/v2\/comments?post=111719"}],"version-history":[{"count":1,"href":"https:\/\/primicias2262.com\/noticias\/wp-json\/wp\/v2\/posts\/111719\/revisions"}],"predecessor-version":[{"id":111721,"href":"https:\/\/primicias2262.com\/noticias\/wp-json\/wp\/v2\/posts\/111719\/revisions\/111721"}],"wp:featuredmedia":[{"embeddable":true,"href":"https:\/\/primicias2262.com\/noticias\/wp-json\/wp\/v2\/media\/111720"}],"wp:attachment":[{"href":"https:\/\/primicias2262.com\/noticias\/wp-json\/wp\/v2\/media?parent=111719"}],"wp:term":[{"taxonomy":"category","embeddable":true,"href":"https:\/\/primicias2262.com\/noticias\/wp-json\/wp\/v2\/categories?post=111719"},{"taxonomy":"post_tag","embeddable":true,"href":"https:\/\/primicias2262.com\/noticias\/wp-json\/wp\/v2\/tags?post=111719"}],"curies":[{"name":"wp","href":"https:\/\/api.w.org\/{rel}","templated":true}]}}