{"id":111722,"date":"2024-12-10T18:13:34","date_gmt":"2024-12-10T18:13:34","guid":{"rendered":"https:\/\/primicias2262.com\/noticias\/?p=111722"},"modified":"2024-12-10T18:13:34","modified_gmt":"2024-12-10T18:13:34","slug":"el-intendente-rojas-participo-del-acto-por-el-50-aniversario-de-la-unicen","status":"publish","type":"post","link":"https:\/\/primicias2262.com\/noticias\/el-intendente-rojas-participo-del-acto-por-el-50-aniversario-de-la-unicen\/","title":{"rendered":"El intendente Rojas particip\u00f3 del acto por el 50\u00b0 Aniversario de la Unicen"},"content":{"rendered":"<p>El intendente Arturo Rojas particip\u00f3 esta ma\u00f1ana en el acto que conmemor\u00f3 los 50 a\u00f1os desde la nacionalizaci\u00f3n de la Unicen, la casa de estudio superiores que cuenta con una subsede en Quequ\u00e9n y que articula permanentemente con el municipio para llevar una mejor oferta educativa a la comunidad de todo el distrito.<\/p>\n<p>La ceremonia fue encabezada por el rector Marcelo Aba y la vicerrectora Alicia Spinello, quienes reconocieron por su permanente acompa\u00f1amiento a las comunas de Necochea, Olavarr\u00eda, Azul y Tandil. Fue la coordinadora de la Unidad de Ense\u00f1anza que funciona en la ciudad del Faro, Marcela Mastrocola, quien estuvo encargada de hacer entrega de la distinci\u00f3n al mandatario local.<\/p>\n<p>Tambi\u00e9n recibieron galardones, por su injerencia en la elevaci\u00f3n de la propuesta acad\u00e9mica y cient\u00edfica de la instituci\u00f3n, los ex rectores de la instituci\u00f3n educativa Carlos Nicolini, Juan Carlos Pugliese (fallecido), N\u00e9stor Auza, Marcelo Spina, y Roberto Tassara.<\/p>\n<p>\u201cFrente a las pol\u00edticas nacionales que no ponen a las universidades p\u00fablicas en su prioridad, nuestra instituci\u00f3n redobla sus esfuerzos ante las dificultades y se sostiene m\u00e1s viva que nunca, dispuesta a defender a ultranza a la educaci\u00f3n p\u00fablica\u201d, sentenci\u00f3 el Marcelo Aba, al abrir un discurso institucional en el que transmiti\u00f3 sentires sobre todo lo transitado y la actual situaci\u00f3n que afronta la educaci\u00f3n p\u00fablica.<\/p>\n<p><strong>Nueva carrera y equipamiento cient\u00edfico para Quequ\u00e9n<\/strong><\/p>\n<p>En el marco de las acciones llevadas adelante por la Universidad Nacional del Centro de la Provincia de Buenos Aires para celebrar este aniversario tan especial, la subsede Quequ\u00e9n fue protagonista de dos importantes hitos que destacan su compromiso con la innovaci\u00f3n educativa, el fortalecimiento de su sede y la conexi\u00f3n con las demandas del sector productivo regional.<\/p>\n<p>El propio Marcelo Aba se acerc\u00f3 hasta la ciudad del partido de Necochea este viernes pasado para anunciar el inicio de la Tecnicatura Universitaria en Equipamiento Agroindustrial, una nueva carrera que comenzar\u00e1 a dictarse con el inicio del ciclo lectivo 2025 y que responde a las necesidades espec\u00edficas del sector productivo local.<\/p>\n<p>Adem\u00e1s, la autoridad educativa dej\u00f3 inaugurado un equipo cient\u00edfico de \u00faltima generaci\u00f3n para la medici\u00f3n de is\u00f3topos estables, adquirido a trav\u00e9s del programa nacional Equipar Ciencia con una inversi\u00f3n superior a los 700.000 d\u00f3lares.<\/p>\n<p>Este dispositivo, con aplicaciones en m\u00faltiples disciplinas, no solo beneficiar\u00e1 a los laboratorios locales, sino que tambi\u00e9n estar\u00e1 disponible para otras sedes y sectores productivos. \u00abEs una herramienta clave para la investigaci\u00f3n y para prestar servicios a sectores que demandan tecnolog\u00eda avanzada\u00bb, coment\u00f3 Aba al respecto.<\/p>\n","protected":false},"excerpt":{"rendered":"<p>El intendente Arturo Rojas particip\u00f3 esta ma\u00f1ana en el acto que conmemor\u00f3 los 50 a\u00f1os desde la nacionalizaci\u00f3n de la Unicen, la casa de estudio superiores que cuenta con una subsede en Quequ\u00e9n y que articula permanentemente con el municipio para llevar una mejor oferta educativa a la comunidad de todo el distrito. La ceremonia [&hellip;]<\/p>\n","protected":false},"author":3,"featured_media":111723,"comment_status":"open","ping_status":"open","sticky":false,"template":"","format":"standard","meta":{"footnotes":""},"categories":[5],"tags":[],"class_list":{"0":"post-111722","1":"post","2":"type-post","3":"status-publish","4":"format-standard","5":"has-post-thumbnail","7":"category-neco"},"_links":{"self":[{"href":"https:\/\/primicias2262.com\/noticias\/wp-json\/wp\/v2\/posts\/111722","targetHints":{"allow":["GET"]}}],"collection":[{"href":"https:\/\/primicias2262.com\/noticias\/wp-json\/wp\/v2\/posts"}],"about":[{"href":"https:\/\/primicias2262.com\/noticias\/wp-json\/wp\/v2\/types\/post"}],"author":[{"embeddable":true,"href":"https:\/\/primicias2262.com\/noticias\/wp-json\/wp\/v2\/users\/3"}],"replies":[{"embeddable":true,"href":"https:\/\/primicias2262.com\/noticias\/wp-json\/wp\/v2\/comments?post=111722"}],"version-history":[{"count":1,"href":"https:\/\/primicias2262.com\/noticias\/wp-json\/wp\/v2\/posts\/111722\/revisions"}],"predecessor-version":[{"id":111724,"href":"https:\/\/primicias2262.com\/noticias\/wp-json\/wp\/v2\/posts\/111722\/revisions\/111724"}],"wp:featuredmedia":[{"embeddable":true,"href":"https:\/\/primicias2262.com\/noticias\/wp-json\/wp\/v2\/media\/111723"}],"wp:attachment":[{"href":"https:\/\/primicias2262.com\/noticias\/wp-json\/wp\/v2\/media?parent=111722"}],"wp:term":[{"taxonomy":"category","embeddable":true,"href":"https:\/\/primicias2262.com\/noticias\/wp-json\/wp\/v2\/categories?post=111722"},{"taxonomy":"post_tag","embeddable":true,"href":"https:\/\/primicias2262.com\/noticias\/wp-json\/wp\/v2\/tags?post=111722"}],"curies":[{"name":"wp","href":"https:\/\/api.w.org\/{rel}","templated":true}]}}