{"id":111725,"date":"2024-12-10T18:15:20","date_gmt":"2024-12-10T18:15:20","guid":{"rendered":"https:\/\/primicias2262.com\/noticias\/?p=111725"},"modified":"2024-12-10T18:15:20","modified_gmt":"2024-12-10T18:15:20","slug":"taekwondistas-necochenses-consiguieron-10-medallas-en-el-torneo-panamericano","status":"publish","type":"post","link":"https:\/\/primicias2262.com\/noticias\/taekwondistas-necochenses-consiguieron-10-medallas-en-el-torneo-panamericano\/","title":{"rendered":"Taekwondistas necochenses consiguieron 10 medallas en el Torneo Panamericano"},"content":{"rendered":"<p>El intendente Arturo Rojas recibi\u00f3 en su despacho a la delegaci\u00f3n que represent\u00f3 a Necochea en el \u00faltimo Campeonato Panamericano de Taekwon-Do ITF Union 2024, que tuvo desarrollo entre los pasados 15 y 17 de noviembre en el Microestadio Malvinas Argentinas de la Ciudad Aut\u00f3noma de Buenos Aires.<\/p>\n<p>M\u00e1s all\u00e1 de lo importante de la experiencia por s\u00ed misma, el resultado deportivo fue altamente satisfactorio, ya que los y las practicantes locales mostraron todo su talento en un escenario internacional y lograron quedarse con una decena de podios. Entre los cinco representantes obtuvieron un total de 4 medallas de oro, 3 de plata y una de bronce, alcanzando una actuaci\u00f3n hist\u00f3rica para el deporte local.<\/p>\n<p>Luego del encuentro con el Jefe comunal, el maestro Vlll Dan Juan Manuel del Valle, a cargo de la comitiva necochense, quiso resaltar que \u201chemos tra\u00eddo para la ciudad unos logros important\u00edsimos, as\u00ed que un gran honor para nosotros\u201d.<\/p>\n<p>Sobre el encuentro con el Intendente, el vicepresidente de la Federaci\u00f3n Argentina de Taekwon-Do revel\u00f3 que \u201cle contamos un poco la experiencia vivida en el Campeonato Panamericano y el resultado de los chicos que, en s\u00ed, fueron los autores principales\u201d de un evento que cont\u00f3 con \u201cparticipantes de toda la regi\u00f3n, con Estados Unidos como el pa\u00eds m\u00e1s lejano del continente; inclusive vinieron competidores de Etiop\u00eda por invitaci\u00f3n especial\u201d.<\/p>\n<p>\u201cEl nivel de nuestros chicos es muy bueno y eso se debe a un trabajo que se viene haciendo hace muchos a\u00f1os. Es el esfuerzo que le ponemos a la actividad, el estar constantemente actualizados para que los alumnos no pierdan su calidad, tanto en la lucha como en la forma\u201d, destac\u00f3 del Valle, reconociendo la labor realizada por los instructores Leonardo Benavidez y Kirsten Pedersen, como coachs del equipo.<\/p>\n<p>\u201cNuestro trabajo no es solo ir a dar la clase, sino que es un trabajo m\u00e1s integral para que los alumnos est\u00e9n a la altura de una competencia internacional\u201d, subray\u00f3, antes de dar paso al testimonio de los j\u00f3venes protagonistas de esta haza\u00f1a deportiva.<\/p>\n","protected":false},"excerpt":{"rendered":"<p>El intendente Arturo Rojas recibi\u00f3 en su despacho a la delegaci\u00f3n que represent\u00f3 a Necochea en el \u00faltimo Campeonato Panamericano de Taekwon-Do ITF Union 2024, que tuvo desarrollo entre los pasados 15 y 17 de noviembre en el Microestadio Malvinas Argentinas de la Ciudad Aut\u00f3noma de Buenos Aires. M\u00e1s all\u00e1 de lo importante de la [&hellip;]<\/p>\n","protected":false},"author":3,"featured_media":111726,"comment_status":"open","ping_status":"open","sticky":false,"template":"","format":"standard","meta":{"footnotes":""},"categories":[5],"tags":[],"class_list":{"0":"post-111725","1":"post","2":"type-post","3":"status-publish","4":"format-standard","5":"has-post-thumbnail","7":"category-neco"},"_links":{"self":[{"href":"https:\/\/primicias2262.com\/noticias\/wp-json\/wp\/v2\/posts\/111725","targetHints":{"allow":["GET"]}}],"collection":[{"href":"https:\/\/primicias2262.com\/noticias\/wp-json\/wp\/v2\/posts"}],"about":[{"href":"https:\/\/primicias2262.com\/noticias\/wp-json\/wp\/v2\/types\/post"}],"author":[{"embeddable":true,"href":"https:\/\/primicias2262.com\/noticias\/wp-json\/wp\/v2\/users\/3"}],"replies":[{"embeddable":true,"href":"https:\/\/primicias2262.com\/noticias\/wp-json\/wp\/v2\/comments?post=111725"}],"version-history":[{"count":1,"href":"https:\/\/primicias2262.com\/noticias\/wp-json\/wp\/v2\/posts\/111725\/revisions"}],"predecessor-version":[{"id":111727,"href":"https:\/\/primicias2262.com\/noticias\/wp-json\/wp\/v2\/posts\/111725\/revisions\/111727"}],"wp:featuredmedia":[{"embeddable":true,"href":"https:\/\/primicias2262.com\/noticias\/wp-json\/wp\/v2\/media\/111726"}],"wp:attachment":[{"href":"https:\/\/primicias2262.com\/noticias\/wp-json\/wp\/v2\/media?parent=111725"}],"wp:term":[{"taxonomy":"category","embeddable":true,"href":"https:\/\/primicias2262.com\/noticias\/wp-json\/wp\/v2\/categories?post=111725"},{"taxonomy":"post_tag","embeddable":true,"href":"https:\/\/primicias2262.com\/noticias\/wp-json\/wp\/v2\/tags?post=111725"}],"curies":[{"name":"wp","href":"https:\/\/api.w.org\/{rel}","templated":true}]}}