{"id":111728,"date":"2024-12-10T18:19:17","date_gmt":"2024-12-10T18:19:17","guid":{"rendered":"https:\/\/primicias2262.com\/noticias\/?p=111728"},"modified":"2024-12-10T18:19:17","modified_gmt":"2024-12-10T18:19:17","slug":"mas-de-1800-luminarias-publicas-estan-fuera-de-servicio-en-necochea-y-quequen","status":"publish","type":"post","link":"https:\/\/primicias2262.com\/noticias\/mas-de-1800-luminarias-publicas-estan-fuera-de-servicio-en-necochea-y-quequen\/","title":{"rendered":"M\u00e1s de 1800 luminarias p\u00fablicas est\u00e1n fuera de servicio en Necochea y Quequ\u00e9n"},"content":{"rendered":"<p>Alfredo Maldonado, concejal mandato cumplido (UCR) y actual colaborador t\u00e9cnico del \u00e1rea de Electro T\u00e9cnica de la Municipalidad de Necochea, a la que fue invitado a aportar su conocimiento de parte del intendente Arturo Riojas, coment\u00f3 sobre la problem\u00e1tica del alumbrado p\u00fablico en Necochea y Quequ\u00e9n.<\/p>\n<p>El integra el equipo designado por el Departamento Ejecutivo de la comuna que se re\u00fane habitualmente con su par de la Usina Popular Cooperativa Sebasti\u00e1n de Mar\u00eda para atender esta cuesti\u00f3n, acordada en el reciente convenio que suscribieran ambas partes.<\/p>\n<p>En di\u00e1logo con el periodista Jorge G\u00f3mez en el programa Voces de la Ciudad inform\u00f3 que hay alrededor de 1800 luminarias p\u00fablicas de las 15.000 instaladas en ambas ciudades que no est\u00e1n funcionando.<\/p>\n<p>La raz\u00f3n por la cual no funcionan pueden llegar a ser diversas: por acci\u00f3n de los temporales, bajas de tensi\u00f3n o tableros que han dejado de funcionar.<\/p>\n<p>En el mismo sentido dijo que \u201chay gran colaboraci\u00f3n del \u00e1rea de Obras P\u00fablicas de la comuna que han subsanado en esto d\u00edas alrededor de 200\u201d, agreg\u00f3 que \u201ces normal que el 4% o 5% pueden estar fallando sobre el total, pero esto llegarse a duplicarse cuando hay temporales\u201d.<\/p>\n<p>Asimismo, inform\u00f3 que en los pr\u00f3ximos d\u00edas se va a determinar cu\u00e1l ser\u00e1 la empresa adjudicataria de la licitaci\u00f3n municipal que se hizo d\u00edas atr\u00e1s para la compra de 300 Leds de 250 Watts, 500 de 150 Watts y otras m\u00e1s, destacando que \u201cno se volver\u00e1 a comprar o poner l\u00e1mparas de vapor de mercurio\u201d.<\/p>\n<p>El costo de una Led de 150 watts es de 120.000 pesos, siendo muy importante que tales elementos logren superar los golpes de tensi\u00f3n que suceden.<\/p>\n<p>Maldonado cont\u00f3 que tiene asimismo un proyecto para una renovaci\u00f3n del parque lum\u00ednico de nuestras ciudades, pero este no es un momento oportuno para su presentaci\u00f3n p\u00fablica.<\/p>\n","protected":false},"excerpt":{"rendered":"<p>Alfredo Maldonado, concejal mandato cumplido (UCR) y actual colaborador t\u00e9cnico del \u00e1rea de Electro T\u00e9cnica de la Municipalidad de Necochea, a la que fue invitado a aportar su conocimiento de parte del intendente Arturo Riojas, coment\u00f3 sobre la problem\u00e1tica del alumbrado p\u00fablico en Necochea y Quequ\u00e9n. El integra el equipo designado por el Departamento Ejecutivo [&hellip;]<\/p>\n","protected":false},"author":3,"featured_media":111729,"comment_status":"open","ping_status":"open","sticky":false,"template":"","format":"standard","meta":{"footnotes":""},"categories":[6],"tags":[],"class_list":{"0":"post-111728","1":"post","2":"type-post","3":"status-publish","4":"format-standard","5":"has-post-thumbnail","7":"category-portada2"},"_links":{"self":[{"href":"https:\/\/primicias2262.com\/noticias\/wp-json\/wp\/v2\/posts\/111728","targetHints":{"allow":["GET"]}}],"collection":[{"href":"https:\/\/primicias2262.com\/noticias\/wp-json\/wp\/v2\/posts"}],"about":[{"href":"https:\/\/primicias2262.com\/noticias\/wp-json\/wp\/v2\/types\/post"}],"author":[{"embeddable":true,"href":"https:\/\/primicias2262.com\/noticias\/wp-json\/wp\/v2\/users\/3"}],"replies":[{"embeddable":true,"href":"https:\/\/primicias2262.com\/noticias\/wp-json\/wp\/v2\/comments?post=111728"}],"version-history":[{"count":1,"href":"https:\/\/primicias2262.com\/noticias\/wp-json\/wp\/v2\/posts\/111728\/revisions"}],"predecessor-version":[{"id":111730,"href":"https:\/\/primicias2262.com\/noticias\/wp-json\/wp\/v2\/posts\/111728\/revisions\/111730"}],"wp:featuredmedia":[{"embeddable":true,"href":"https:\/\/primicias2262.com\/noticias\/wp-json\/wp\/v2\/media\/111729"}],"wp:attachment":[{"href":"https:\/\/primicias2262.com\/noticias\/wp-json\/wp\/v2\/media?parent=111728"}],"wp:term":[{"taxonomy":"category","embeddable":true,"href":"https:\/\/primicias2262.com\/noticias\/wp-json\/wp\/v2\/categories?post=111728"},{"taxonomy":"post_tag","embeddable":true,"href":"https:\/\/primicias2262.com\/noticias\/wp-json\/wp\/v2\/tags?post=111728"}],"curies":[{"name":"wp","href":"https:\/\/api.w.org\/{rel}","templated":true}]}}