{"id":111817,"date":"2024-12-16T20:13:58","date_gmt":"2024-12-16T20:13:58","guid":{"rendered":"https:\/\/primicias2262.com\/noticias\/?p=111817"},"modified":"2024-12-16T20:13:58","modified_gmt":"2024-12-16T20:13:58","slug":"rey-garufa-dejo-su-marca-en-una-inauguracion-de-temporada-que-tuvo-todos-los-condimentos","status":"publish","type":"post","link":"https:\/\/primicias2262.com\/noticias\/rey-garufa-dejo-su-marca-en-una-inauguracion-de-temporada-que-tuvo-todos-los-condimentos\/","title":{"rendered":"Rey Garufa dej\u00f3 su marca en una inauguraci\u00f3n de temporada que tuvo todos los condimentos"},"content":{"rendered":"<p><strong>La banda ricotera puso el broche de oro al Festival Sabor de Verano, que hizo su recorrido musical homenajeando al rock nacional, con tributos a Charly Garc\u00eda, Fito P\u00e1ez, Intoxicados y Soda St\u00e9reo. El Parque Miguel Lillo vivi\u00f3 dos jornadas repletas de actividades que enamoraron a vecinos y turistas.<\/strong><\/p>\n<p>Entre un marco extraordinario de gente, este domingo se puso fin a la primera parte del Festival \u201cSabor de Verano\u201d, que lleg\u00f3 a Necochea para dejar inaugurada de forma oficial la temporada estival. Con Rey Garufa como show de cierre, muchos vecinos y turistas se fueron acercando desde temprano al Parque Miguel Lillo para disfrutar de la m\u00fasica y las actividades que regal\u00f3 este colorido evento organizado por la Municipalidad.<\/p>\n<p>Antes de que avance la noche sobre la ciudad, las escalinatas de ingreso al Festival\u00f3dromo vieron pasar al circo de Do\u00f1a Fresca y a la Compa\u00f1\u00eda Anal\u00f3gica Como el Caracol, que regaron de sonrisas un predio que hasta la tarde estuvo colmado de ni\u00f1os y familias.<\/p>\n<p>Tambi\u00e9n para las infancias, fueron un \u00e9xito los talleres gratuitos de Teatro y Danza, as\u00ed como distintas intervenciones art\u00edsticas que se fueron dando a lo largo de la jornada.<\/p>\n<p>En el escenario principal, el homenaje al rock nacional, eje tem\u00e1tico del festival, continu\u00f3 con la presentaci\u00f3n de Las se\u00f1oras de Rockoni, Adrenalina (tributo a Viejas Locas e Intoxicados) y un set del DJ \u201cLaucha\u201d Bassi, todo humor\u00edsticamente conducido por Cirko Marisko.<\/p>\n<p>Al respecto, el subsecretario de Turismo y Desarrollo Productivo, uno de los responsables de estas jornadas de inauguraci\u00f3n, cont\u00f3 que fue \u201cun fin de semana muy satisfactorio\u201d, con mucha gente que se acerc\u00f3 a pasar el s\u00e1bado en el parque, aun a pesar de que el clima no acompa\u00f1\u00f3 del todo.<\/p>\n","protected":false},"excerpt":{"rendered":"<p>La banda ricotera puso el broche de oro al Festival Sabor de Verano, que hizo su recorrido musical homenajeando al rock nacional, con tributos a Charly Garc\u00eda, Fito P\u00e1ez, Intoxicados y Soda St\u00e9reo. El Parque Miguel Lillo vivi\u00f3 dos jornadas repletas de actividades que enamoraron a vecinos y turistas. Entre un marco extraordinario de gente, [&hellip;]<\/p>\n","protected":false},"author":3,"featured_media":111818,"comment_status":"open","ping_status":"open","sticky":false,"template":"","format":"standard","meta":{"footnotes":""},"categories":[5],"tags":[],"class_list":{"0":"post-111817","1":"post","2":"type-post","3":"status-publish","4":"format-standard","5":"has-post-thumbnail","7":"category-neco"},"_links":{"self":[{"href":"https:\/\/primicias2262.com\/noticias\/wp-json\/wp\/v2\/posts\/111817","targetHints":{"allow":["GET"]}}],"collection":[{"href":"https:\/\/primicias2262.com\/noticias\/wp-json\/wp\/v2\/posts"}],"about":[{"href":"https:\/\/primicias2262.com\/noticias\/wp-json\/wp\/v2\/types\/post"}],"author":[{"embeddable":true,"href":"https:\/\/primicias2262.com\/noticias\/wp-json\/wp\/v2\/users\/3"}],"replies":[{"embeddable":true,"href":"https:\/\/primicias2262.com\/noticias\/wp-json\/wp\/v2\/comments?post=111817"}],"version-history":[{"count":1,"href":"https:\/\/primicias2262.com\/noticias\/wp-json\/wp\/v2\/posts\/111817\/revisions"}],"predecessor-version":[{"id":111819,"href":"https:\/\/primicias2262.com\/noticias\/wp-json\/wp\/v2\/posts\/111817\/revisions\/111819"}],"wp:featuredmedia":[{"embeddable":true,"href":"https:\/\/primicias2262.com\/noticias\/wp-json\/wp\/v2\/media\/111818"}],"wp:attachment":[{"href":"https:\/\/primicias2262.com\/noticias\/wp-json\/wp\/v2\/media?parent=111817"}],"wp:term":[{"taxonomy":"category","embeddable":true,"href":"https:\/\/primicias2262.com\/noticias\/wp-json\/wp\/v2\/categories?post=111817"},{"taxonomy":"post_tag","embeddable":true,"href":"https:\/\/primicias2262.com\/noticias\/wp-json\/wp\/v2\/tags?post=111817"}],"curies":[{"name":"wp","href":"https:\/\/api.w.org\/{rel}","templated":true}]}}