{"id":111824,"date":"2024-12-16T20:43:28","date_gmt":"2024-12-16T20:43:28","guid":{"rendered":"https:\/\/primicias2262.com\/noticias\/?p=111824"},"modified":"2024-12-16T20:43:28","modified_gmt":"2024-12-16T20:43:28","slug":"el-balneario-neptuno-y-sunset-club-de-mar-se-inaugurara-este-lunes-23","status":"publish","type":"post","link":"https:\/\/primicias2262.com\/noticias\/el-balneario-neptuno-y-sunset-club-de-mar-se-inaugurara-este-lunes-23\/","title":{"rendered":"El Balneario Neptuno y Sunset Club de Mar se inaugurar\u00e1 este lunes 23"},"content":{"rendered":"<p>El empresario necochense Jos\u00e9 \u201cCholo\u201d Servat confirm\u00f3 que el pr\u00f3ximo lunes 23 de diciembre de 2024 se realizar\u00e1 la inauguraci\u00f3n oficial del Balneario Neptuno y de Sunset Club de Mar, como as\u00ed tambi\u00e9n dio cuenta que el encendido de luces de Puerto Gardella tendr\u00e1 lugar este venidero viernes 20 de diciembre. La estaci\u00f3n verano estar\u00e1 entre nosotros este s\u00e1bado 21 a partir de las 6.19 hs, cuando nos abandonar\u00e1 la primavera e ingresar\u00e1 la etapa m\u00e1s calurosa.<\/p>\n<p>En di\u00e1logo con el periodista Jorge G\u00f3mez en el programa Voces de la Ciudad coment\u00f3 estas dos importantes noticias que agregan, simult\u00e1neamente, una importante oferta a necochenses y turistas que nos visitar\u00e1n en la temporada veraniega 2024-2025.<\/p>\n<p>Con el entusiasmo que lo caracteriza, el \u201cCholo\u201d Servat afirm\u00f3 en la nota radial que \u201cSunset Club de Mar es el primer sal\u00f3n de eventos que estar\u00e1 situado frente al mar de Necochea\u201d. Se halla lindante al conocido y concurrido Parador Corona, en inmediaciones a avenida 2 y Pinolandia.<\/p>\n<p>Mostrando mucha felicidad y agradecimiento a su equipo de trabajo, el empresario continu\u00f3 diciendo que este pasado domingo 15 de diciembre ya se hab\u00eda puesto en funcionamiento y operativo el Balneario Neptuno, con sus unidades de sombra, caminos internos, y otros servicios que ofrecen a los concurrentes al lugar.<\/p>\n<p>Continu\u00f3 entusiasmado marcando \u201cesto es de la ciudad. Es una obra de 1200 m2 que normalmente se hace en 2 a\u00f1os, y que fue hecha en 5 meses junto al gran equipo de trabajo que colabora con nosotros\u201d.<\/p>\n<p>Asimismo, remarc\u00f3 que \u201cesta obra te levanta el \u00e1nimo, porque son nuevas opciones para la ciudad. Sue\u00f1o con que Necochea sea una suerte de \u201cley de atracci\u00f3n,\u201d con emprendimientos nuevos, con mejores servicios, que est\u00e9 cada d\u00eda m\u00e1s linda y que a todos nos vaya bien\u201d.<\/p>\n<p>En la misma entrevista el empresario local confirm\u00f3 que el viernes 20 de diciembre se reabrir\u00e1 Puerto Gardella -ubicado en la margen local del Puerto de Quequ\u00e9n, a metros de la Escollera- con todos los comerciantes, a\u00f1adiendo que se brindar\u00e1 un servicio de transporte gratuito durante toda la temporada veraniega, uniendo Gardella con el Balneario Corona y Parador Corona.<\/p>\n","protected":false},"excerpt":{"rendered":"<p>El empresario necochense Jos\u00e9 \u201cCholo\u201d Servat confirm\u00f3 que el pr\u00f3ximo lunes 23 de diciembre de 2024 se realizar\u00e1 la inauguraci\u00f3n oficial del Balneario Neptuno y de Sunset Club de Mar, como as\u00ed tambi\u00e9n dio cuenta que el encendido de luces de Puerto Gardella tendr\u00e1 lugar este venidero viernes 20 de diciembre. La estaci\u00f3n verano estar\u00e1 [&hellip;]<\/p>\n","protected":false},"author":3,"featured_media":111825,"comment_status":"open","ping_status":"open","sticky":false,"template":"","format":"standard","meta":{"footnotes":""},"categories":[6],"tags":[],"class_list":{"0":"post-111824","1":"post","2":"type-post","3":"status-publish","4":"format-standard","5":"has-post-thumbnail","7":"category-portada2"},"_links":{"self":[{"href":"https:\/\/primicias2262.com\/noticias\/wp-json\/wp\/v2\/posts\/111824","targetHints":{"allow":["GET"]}}],"collection":[{"href":"https:\/\/primicias2262.com\/noticias\/wp-json\/wp\/v2\/posts"}],"about":[{"href":"https:\/\/primicias2262.com\/noticias\/wp-json\/wp\/v2\/types\/post"}],"author":[{"embeddable":true,"href":"https:\/\/primicias2262.com\/noticias\/wp-json\/wp\/v2\/users\/3"}],"replies":[{"embeddable":true,"href":"https:\/\/primicias2262.com\/noticias\/wp-json\/wp\/v2\/comments?post=111824"}],"version-history":[{"count":1,"href":"https:\/\/primicias2262.com\/noticias\/wp-json\/wp\/v2\/posts\/111824\/revisions"}],"predecessor-version":[{"id":111826,"href":"https:\/\/primicias2262.com\/noticias\/wp-json\/wp\/v2\/posts\/111824\/revisions\/111826"}],"wp:featuredmedia":[{"embeddable":true,"href":"https:\/\/primicias2262.com\/noticias\/wp-json\/wp\/v2\/media\/111825"}],"wp:attachment":[{"href":"https:\/\/primicias2262.com\/noticias\/wp-json\/wp\/v2\/media?parent=111824"}],"wp:term":[{"taxonomy":"category","embeddable":true,"href":"https:\/\/primicias2262.com\/noticias\/wp-json\/wp\/v2\/categories?post=111824"},{"taxonomy":"post_tag","embeddable":true,"href":"https:\/\/primicias2262.com\/noticias\/wp-json\/wp\/v2\/tags?post=111824"}],"curies":[{"name":"wp","href":"https:\/\/api.w.org\/{rel}","templated":true}]}}