{"id":111827,"date":"2024-12-16T20:45:52","date_gmt":"2024-12-16T20:45:52","guid":{"rendered":"https:\/\/primicias2262.com\/noticias\/?p=111827"},"modified":"2024-12-16T20:45:52","modified_gmt":"2024-12-16T20:45:52","slug":"coordinan-esfuerzos-para-asegurar-el-ordenamiento-vehicular-en-el-recital-de-la-renga","status":"publish","type":"post","link":"https:\/\/primicias2262.com\/noticias\/coordinan-esfuerzos-para-asegurar-el-ordenamiento-vehicular-en-el-recital-de-la-renga\/","title":{"rendered":"Coordinan esfuerzos para asegurar el ordenamiento vehicular en el recital de La Renga"},"content":{"rendered":"<p><strong>Se produjo una reuni\u00f3n en el Centro de Monitoreo con participaci\u00f3n de distintas \u00e1reas de la Secretar\u00eda de Gobierno y autoridades de seguridad provinciales. \u201cLa cantidad de micros que se est\u00e1 esperando es importante. Por eso, tenemos que ser cuidadosos\u201d, admiti\u00f3 \u00c1ngel V\u00e1zquez.<\/strong><\/p>\n<p>En la ma\u00f1ana de este lunes se produjo una reuni\u00f3n cumbre en las oficinas del Centro de Monitoreo de la Municipalidad de Necochea en el que participaron funcionarios de distintas \u00e1reas de la Secretar\u00eda de Gobierno y autoridades de seguridad provinciales, poniendo el foco en el ordenamiento vehicular y las medidas de control que se tomar\u00e1n en los d\u00edas previos al recital de La Renga en Necochea, en especial, con el ingreso de micros de distintas ciudades del pa\u00eds.<\/p>\n<p>En representaci\u00f3n de la comuna estuvieron el subsecretario de Prevenci\u00f3n y Monitoreo, \u00c1ngel V\u00e1zquez; el director de Tr\u00e1nsito, Sergio Nicol\u00e1s; y personal de la Subsecretar\u00eda de Comunicaciones y Relaciones Institucionales.<\/p>\n<p>\u201cFundamentalmente, la reuni\u00f3n fue para tratar el tema de tr\u00e1nsito y la coordinaci\u00f3n de los veh\u00edculos de gran porte que van a ir entrando a medida que se acerque la fecha del concierto\u201d, explic\u00f3 V\u00e1zquez, destacando, para ello, la presencia del jefe del Departamento de Operaciones Viales VII de Mar del Plata, comisario Gustavo Demattey, quien se comprometi\u00f3 a aportar los medios necesarios para los distintos accesos.<\/p>\n<p>En ese aspecto, tambi\u00e9n intervinieron en la mesa la jefa del Destacamento Vial de Quequ\u00e9n, y la jefa Departamental de la Polic\u00eda de Necochea, Gabriela Santill\u00e1n, quienes colaborar\u00e1n con el operativo controlando los ingresos a la ciudad, as\u00ed como el paso de los veh\u00edculos de gran porte por el puente habilitado, manifest\u00f3 el funcionario de la comuna.<\/p>\n<p>Revelando que se est\u00e1n tomando medidas para que no ocurran demoras en el movimiento de estos colectivos o equivocaciones en los recorridos habilitados, V\u00e1zquez se\u00f1al\u00f3 que se est\u00e1 armando una cartilla, en conjunto con la Direcci\u00f3n de Prensa, que dispondr\u00e1 de los mapas correspondientes \u201cpara que los prestadores de los servicios tengan bien claro el camino que van a necesitar para llegar a sus puntos de estad\u00eda\u201d.<\/p>\n","protected":false},"excerpt":{"rendered":"<p>Se produjo una reuni\u00f3n en el Centro de Monitoreo con participaci\u00f3n de distintas \u00e1reas de la Secretar\u00eda de Gobierno y autoridades de seguridad provinciales. \u201cLa cantidad de micros que se est\u00e1 esperando es importante. Por eso, tenemos que ser cuidadosos\u201d, admiti\u00f3 \u00c1ngel V\u00e1zquez. En la ma\u00f1ana de este lunes se produjo una reuni\u00f3n cumbre en [&hellip;]<\/p>\n","protected":false},"author":3,"featured_media":111828,"comment_status":"open","ping_status":"open","sticky":false,"template":"","format":"standard","meta":{"footnotes":""},"categories":[5],"tags":[],"class_list":{"0":"post-111827","1":"post","2":"type-post","3":"status-publish","4":"format-standard","5":"has-post-thumbnail","7":"category-neco"},"_links":{"self":[{"href":"https:\/\/primicias2262.com\/noticias\/wp-json\/wp\/v2\/posts\/111827","targetHints":{"allow":["GET"]}}],"collection":[{"href":"https:\/\/primicias2262.com\/noticias\/wp-json\/wp\/v2\/posts"}],"about":[{"href":"https:\/\/primicias2262.com\/noticias\/wp-json\/wp\/v2\/types\/post"}],"author":[{"embeddable":true,"href":"https:\/\/primicias2262.com\/noticias\/wp-json\/wp\/v2\/users\/3"}],"replies":[{"embeddable":true,"href":"https:\/\/primicias2262.com\/noticias\/wp-json\/wp\/v2\/comments?post=111827"}],"version-history":[{"count":1,"href":"https:\/\/primicias2262.com\/noticias\/wp-json\/wp\/v2\/posts\/111827\/revisions"}],"predecessor-version":[{"id":111829,"href":"https:\/\/primicias2262.com\/noticias\/wp-json\/wp\/v2\/posts\/111827\/revisions\/111829"}],"wp:featuredmedia":[{"embeddable":true,"href":"https:\/\/primicias2262.com\/noticias\/wp-json\/wp\/v2\/media\/111828"}],"wp:attachment":[{"href":"https:\/\/primicias2262.com\/noticias\/wp-json\/wp\/v2\/media?parent=111827"}],"wp:term":[{"taxonomy":"category","embeddable":true,"href":"https:\/\/primicias2262.com\/noticias\/wp-json\/wp\/v2\/categories?post=111827"},{"taxonomy":"post_tag","embeddable":true,"href":"https:\/\/primicias2262.com\/noticias\/wp-json\/wp\/v2\/tags?post=111827"}],"curies":[{"name":"wp","href":"https:\/\/api.w.org\/{rel}","templated":true}]}}