{"id":111859,"date":"2024-12-18T17:47:29","date_gmt":"2024-12-18T17:47:29","guid":{"rendered":"https:\/\/primicias2262.com\/noticias\/?p=111859"},"modified":"2024-12-18T17:47:57","modified_gmt":"2024-12-18T17:47:57","slug":"111859-2","status":"publish","type":"post","link":"https:\/\/primicias2262.com\/noticias\/111859-2\/","title":{"rendered":"Este mi\u00e9rcoles 18 monse\u00f1or Giobando celebrar\u00e1 misa en la Parroquia  Santa Mar\u00eda del Carmen"},"content":{"rendered":"<p>Monse\u00f1or Ernesto Giobando, designado obispo y Administrador Apost\u00f3lico electo de la Di\u00f3cesis de Mar del Plata, estar\u00e1 celebrando una misa en la parroquia Santa Mar\u00eda del Carmen este mi\u00e9rcoles 18 de diciembre a las 19.<\/p>\n<p>En di\u00e1logo con el periodista Jorge G\u00f3mez en el programa Voces de la Ciudad confirm\u00f3 la noticia, aclarando que el acto de inicio de su ministerio pastoral al frente de la citada Di\u00f3cesis, que comprende nuestra comunidad, se celebrar\u00e1 el 22 de febrero de 2025 en La Catedral de Mar del Plata.<\/p>\n<p>Monse\u00f1or Giobando aclar\u00f3 que el mismo Papa Francisco le pidi\u00f3 hacerse cargo de la aludida Di\u00f3cesis por lo que desde enero del corriente a\u00f1o sed encuentrta recorriendo la misma con su autom\u00f3vil.<\/p>\n<p>En la entrevista afirm\u00f3 que \u201cnuestra vida es siempre estar de paso. A los sacerdotes, los obispos, donde nos toca hacerlo lo hacemos con alma, vida y coraz\u00f3n\u201d.<br \/>\nContinu\u00f3 afirmando que \u201clo importante de un sacerdote u obispo es estar cerca de su pueblo. Lo dice el Evangelio y el coraz\u00f3n del Se\u00f1or\u201d.<\/p>\n<p>Agreg\u00f3 que \u201csoy jesuita. La cercan\u00eda es fundamental, no est\u00e1 todo perdido. En la condici\u00f3n humana tenemos que ser solidarios, ese es el principio\u201d.<\/p>\n<p>Concluyo diciendo que \u201cla miseria y la soledad tambi\u00e9n son una pandemia. Los jubilados pagan las consecuencias del ajuste. Ah\u00ed tenemos que estar para que alguno nos escuche, estar cerca del pueblo es estar cerca de Dios\u201d.<\/p>\n","protected":false},"excerpt":{"rendered":"<p>Monse\u00f1or Ernesto Giobando, designado obispo y Administrador Apost\u00f3lico electo de la Di\u00f3cesis de Mar del Plata, estar\u00e1 celebrando una misa en la parroquia Santa Mar\u00eda del Carmen este mi\u00e9rcoles 18 de diciembre a las 19. En di\u00e1logo con el periodista Jorge G\u00f3mez en el programa Voces de la Ciudad confirm\u00f3 la noticia, aclarando que el [&hellip;]<\/p>\n","protected":false},"author":3,"featured_media":111860,"comment_status":"open","ping_status":"open","sticky":false,"template":"","format":"standard","meta":{"footnotes":""},"categories":[5],"tags":[],"class_list":{"0":"post-111859","1":"post","2":"type-post","3":"status-publish","4":"format-standard","5":"has-post-thumbnail","7":"category-neco"},"_links":{"self":[{"href":"https:\/\/primicias2262.com\/noticias\/wp-json\/wp\/v2\/posts\/111859","targetHints":{"allow":["GET"]}}],"collection":[{"href":"https:\/\/primicias2262.com\/noticias\/wp-json\/wp\/v2\/posts"}],"about":[{"href":"https:\/\/primicias2262.com\/noticias\/wp-json\/wp\/v2\/types\/post"}],"author":[{"embeddable":true,"href":"https:\/\/primicias2262.com\/noticias\/wp-json\/wp\/v2\/users\/3"}],"replies":[{"embeddable":true,"href":"https:\/\/primicias2262.com\/noticias\/wp-json\/wp\/v2\/comments?post=111859"}],"version-history":[{"count":2,"href":"https:\/\/primicias2262.com\/noticias\/wp-json\/wp\/v2\/posts\/111859\/revisions"}],"predecessor-version":[{"id":111862,"href":"https:\/\/primicias2262.com\/noticias\/wp-json\/wp\/v2\/posts\/111859\/revisions\/111862"}],"wp:featuredmedia":[{"embeddable":true,"href":"https:\/\/primicias2262.com\/noticias\/wp-json\/wp\/v2\/media\/111860"}],"wp:attachment":[{"href":"https:\/\/primicias2262.com\/noticias\/wp-json\/wp\/v2\/media?parent=111859"}],"wp:term":[{"taxonomy":"category","embeddable":true,"href":"https:\/\/primicias2262.com\/noticias\/wp-json\/wp\/v2\/categories?post=111859"},{"taxonomy":"post_tag","embeddable":true,"href":"https:\/\/primicias2262.com\/noticias\/wp-json\/wp\/v2\/tags?post=111859"}],"curies":[{"name":"wp","href":"https:\/\/api.w.org\/{rel}","templated":true}]}}