{"id":111863,"date":"2024-12-18T17:50:02","date_gmt":"2024-12-18T17:50:02","guid":{"rendered":"https:\/\/primicias2262.com\/noticias\/?p=111863"},"modified":"2024-12-18T17:50:02","modified_gmt":"2024-12-18T17:50:02","slug":"reclamo-de-la-defensoria-del-pueblo-ante-el-pami-por-los-cambios-en-el-acceso-a-medicamentos","status":"publish","type":"post","link":"https:\/\/primicias2262.com\/noticias\/reclamo-de-la-defensoria-del-pueblo-ante-el-pami-por-los-cambios-en-el-acceso-a-medicamentos\/","title":{"rendered":"Reclamo de la Defensor\u00eda del Pueblo ante el PAMI por los cambios  en el acceso a medicamentos"},"content":{"rendered":"<p>La Defensor\u00eda del Pueblo bonaerense le reclam\u00f3 al PAMI informaci\u00f3n sobre los cambios en los tr\u00e1mites que las y los afiliados deben realizar para mantener la cobertura de sus medicamentos sin cargo, adem\u00e1s de las medidas que est\u00e1 tomando para darle continuidad a los tratamientos de las personas mayores afectadas por esta medida.<\/p>\n<p>El representante en Necochea de la Defensor\u00eda del Pueblo, doctor Luciano Cardoni, fue entrevistado por el periodista Jorge G\u00f3mez en el programa Voces de la Ciudad a los efectos de informar sobre el estado de situaci\u00f3n del reclamo.<\/p>\n<p>Guido Lorenzino, a cargo de la Defensor\u00eda del Pueblo bonaerense, pidi\u00f3 detalles sobre esta nueva normativa, la cantidad de personas que todav\u00eda no pudieron realizar el tr\u00e1mite requerido para el acceso a los medicamentos, y conocer las y los afiliados que quedar\u00edan sin cobertura al 100% por no poder cumplir los requisitos impuestos.<\/p>\n<p>Asimismo, la Defensor\u00eda solicit\u00f3 que el PAMI explique de qu\u00e9 manera garantizar\u00e1 el acceso a la salud, medicaci\u00f3n y continuidad de tratamientos prescriptos, con el objetivo aclarar y asegurar el acceso a los derechos de las personas mayores.<\/p>\n<p>Luciano Cardoni dijo que \u201clos afiliados deben justificar la necesidad de acceso a los medicamentos, pero el sistema no funciona como se informa porque el PAMI est\u00e1 colapsado y los mayores no est\u00e1n familiarizados con la tecnolog\u00eda\u201d.<\/p>\n<p>Aclar\u00f3 tambi\u00e9n que \u201cla intenci\u00f3n es colaborar con el PAMI para garantizar el derecho a la salud de los adultos mayores. Se dan situaciones irregulares en venta de lotes que no est\u00e1n inscriptos porque nunca se escrituraron, que no estar\u00eda reflejando la realidad de adultos mayores que est\u00e1n cobrando la m\u00ednima\u201d.<\/p>\n<p>Finaliz\u00f3 diciendo Cardoni que \u201clos grupos m\u00e1s vulnerables se encuentran afectados en sus derechos fundamentales debido a estos cambios\u201d.<\/p>\n","protected":false},"excerpt":{"rendered":"<p>La Defensor\u00eda del Pueblo bonaerense le reclam\u00f3 al PAMI informaci\u00f3n sobre los cambios en los tr\u00e1mites que las y los afiliados deben realizar para mantener la cobertura de sus medicamentos sin cargo, adem\u00e1s de las medidas que est\u00e1 tomando para darle continuidad a los tratamientos de las personas mayores afectadas por esta medida. El representante [&hellip;]<\/p>\n","protected":false},"author":3,"featured_media":111864,"comment_status":"open","ping_status":"open","sticky":false,"template":"","format":"standard","meta":{"footnotes":""},"categories":[5],"tags":[],"class_list":{"0":"post-111863","1":"post","2":"type-post","3":"status-publish","4":"format-standard","5":"has-post-thumbnail","7":"category-neco"},"_links":{"self":[{"href":"https:\/\/primicias2262.com\/noticias\/wp-json\/wp\/v2\/posts\/111863","targetHints":{"allow":["GET"]}}],"collection":[{"href":"https:\/\/primicias2262.com\/noticias\/wp-json\/wp\/v2\/posts"}],"about":[{"href":"https:\/\/primicias2262.com\/noticias\/wp-json\/wp\/v2\/types\/post"}],"author":[{"embeddable":true,"href":"https:\/\/primicias2262.com\/noticias\/wp-json\/wp\/v2\/users\/3"}],"replies":[{"embeddable":true,"href":"https:\/\/primicias2262.com\/noticias\/wp-json\/wp\/v2\/comments?post=111863"}],"version-history":[{"count":1,"href":"https:\/\/primicias2262.com\/noticias\/wp-json\/wp\/v2\/posts\/111863\/revisions"}],"predecessor-version":[{"id":111865,"href":"https:\/\/primicias2262.com\/noticias\/wp-json\/wp\/v2\/posts\/111863\/revisions\/111865"}],"wp:featuredmedia":[{"embeddable":true,"href":"https:\/\/primicias2262.com\/noticias\/wp-json\/wp\/v2\/media\/111864"}],"wp:attachment":[{"href":"https:\/\/primicias2262.com\/noticias\/wp-json\/wp\/v2\/media?parent=111863"}],"wp:term":[{"taxonomy":"category","embeddable":true,"href":"https:\/\/primicias2262.com\/noticias\/wp-json\/wp\/v2\/categories?post=111863"},{"taxonomy":"post_tag","embeddable":true,"href":"https:\/\/primicias2262.com\/noticias\/wp-json\/wp\/v2\/tags?post=111863"}],"curies":[{"name":"wp","href":"https:\/\/api.w.org\/{rel}","templated":true}]}}