{"id":111866,"date":"2024-12-18T17:53:24","date_gmt":"2024-12-18T17:53:24","guid":{"rendered":"https:\/\/primicias2262.com\/noticias\/?p=111866"},"modified":"2024-12-18T17:53:24","modified_gmt":"2024-12-18T17:53:24","slug":"preparan-concierto-navideno-en-la-plaza-dardo-rocha-para-recibir-a-la-noche-buena","status":"publish","type":"post","link":"https:\/\/primicias2262.com\/noticias\/preparan-concierto-navideno-en-la-plaza-dardo-rocha-para-recibir-a-la-noche-buena\/","title":{"rendered":"Preparan Concierto Navide\u00f1o en la Plaza Dardo Rocha para recibir a la Noche Buena"},"content":{"rendered":"<p><strong>Ser\u00e1 en la tarde noche del pr\u00f3ximo domingo 22 de diciembre, a cargo de \u201cLa F\u00f3nica\u201d, una producci\u00f3n de Ghemma Casa Escuela de M\u00fasica. Desde la Direcci\u00f3n de Cultura invitaron a toda la comunidad a participar.<\/strong><\/p>\n<p>La Direcci\u00f3n de Cultura de la Municipalidad de Necochea se encuentra trabajando en la organizaci\u00f3n de un \u201cConcierto Navide\u00f1o\u201d previo a la Noche Buena, que tendr\u00e1 lugar en el pesebre de la Plaza Dardo Rocha el pr\u00f3ximo domingo 22 de diciembre, desde las 20 horas.<\/p>\n<p>Protagonista de esta velada tan particular ser\u00e1 la Casa Escuela de M\u00fasica Ghemma, presentando en vivo su m\u00e1s reciente producci\u00f3n, \u201cLa F\u00f3nica\u201d, con un repertorio que comprender\u00e1 una lista de villancicos tradicionales y algunas obras adecuadas a la ocasi\u00f3n.<\/p>\n<p>Para comenzar a vivir el clima festivo de esta \u00faltima parte del a\u00f1o, desde el \u00e1rea que depende de la Secretar\u00eda de Turismo y Desarrollo Productivo invitaron a toda la comunidad a acercarse hasta el c\u00e9ntrico espacio y vivir un momento inolvidable.<\/p>\n","protected":false},"excerpt":{"rendered":"<p>Ser\u00e1 en la tarde noche del pr\u00f3ximo domingo 22 de diciembre, a cargo de \u201cLa F\u00f3nica\u201d, una producci\u00f3n de Ghemma Casa Escuela de M\u00fasica. Desde la Direcci\u00f3n de Cultura invitaron a toda la comunidad a participar. La Direcci\u00f3n de Cultura de la Municipalidad de Necochea se encuentra trabajando en la organizaci\u00f3n de un \u201cConcierto Navide\u00f1o\u201d [&hellip;]<\/p>\n","protected":false},"author":3,"featured_media":111867,"comment_status":"open","ping_status":"open","sticky":false,"template":"","format":"standard","meta":{"footnotes":""},"categories":[5],"tags":[],"class_list":{"0":"post-111866","1":"post","2":"type-post","3":"status-publish","4":"format-standard","5":"has-post-thumbnail","7":"category-neco"},"_links":{"self":[{"href":"https:\/\/primicias2262.com\/noticias\/wp-json\/wp\/v2\/posts\/111866","targetHints":{"allow":["GET"]}}],"collection":[{"href":"https:\/\/primicias2262.com\/noticias\/wp-json\/wp\/v2\/posts"}],"about":[{"href":"https:\/\/primicias2262.com\/noticias\/wp-json\/wp\/v2\/types\/post"}],"author":[{"embeddable":true,"href":"https:\/\/primicias2262.com\/noticias\/wp-json\/wp\/v2\/users\/3"}],"replies":[{"embeddable":true,"href":"https:\/\/primicias2262.com\/noticias\/wp-json\/wp\/v2\/comments?post=111866"}],"version-history":[{"count":1,"href":"https:\/\/primicias2262.com\/noticias\/wp-json\/wp\/v2\/posts\/111866\/revisions"}],"predecessor-version":[{"id":111868,"href":"https:\/\/primicias2262.com\/noticias\/wp-json\/wp\/v2\/posts\/111866\/revisions\/111868"}],"wp:featuredmedia":[{"embeddable":true,"href":"https:\/\/primicias2262.com\/noticias\/wp-json\/wp\/v2\/media\/111867"}],"wp:attachment":[{"href":"https:\/\/primicias2262.com\/noticias\/wp-json\/wp\/v2\/media?parent=111866"}],"wp:term":[{"taxonomy":"category","embeddable":true,"href":"https:\/\/primicias2262.com\/noticias\/wp-json\/wp\/v2\/categories?post=111866"},{"taxonomy":"post_tag","embeddable":true,"href":"https:\/\/primicias2262.com\/noticias\/wp-json\/wp\/v2\/tags?post=111866"}],"curies":[{"name":"wp","href":"https:\/\/api.w.org\/{rel}","templated":true}]}}