{"id":111869,"date":"2024-12-18T17:56:49","date_gmt":"2024-12-18T17:56:49","guid":{"rendered":"https:\/\/primicias2262.com\/noticias\/?p=111869"},"modified":"2024-12-18T17:56:49","modified_gmt":"2024-12-18T17:56:49","slug":"antes-de-la-navidad-se-realizaran-dos-sesiones-del-concejo-deliberante","status":"publish","type":"post","link":"https:\/\/primicias2262.com\/noticias\/antes-de-la-navidad-se-realizaran-dos-sesiones-del-concejo-deliberante\/","title":{"rendered":"Antes de la Navidad se realizar\u00e1n dos sesiones del Concejo Deliberante"},"content":{"rendered":"<p><strong>Por Jorge G\u00f3mez<\/strong><\/p>\n<p>Pese a la intenci\u00f3n de que la anunciada sesi\u00f3n ordinaria del Concejo Deliberante de Necochea prevista para este mi\u00e9rcoles 18 de diciembre se la hab\u00eda anunciado como la \u00faltima que iban a realizar los ediles en este casi fin de 2024, el cuerpo de concejales locales adem\u00e1s de la citada volver\u00e1 a reunirse en sesi\u00f3n el pr\u00f3ximo lunes 23 de diciembre en horas de la tarde, a pocas de la llegada de la venidera Nochebuena y Navidad.<\/p>\n<p>Tal lo acordado en la reuni\u00f3n de comisi\u00f3n Parlamentaria que tuvo desarrollo en el mediod\u00eda de este martes 17 de diciembre, ocasi\u00f3n en que vista la necesidad de contar con mayor tiempo para la redacci\u00f3n y \u201cpulido\u201d de dos temas de importancia para la gesti\u00f3n comunal se resolvi\u00f3 convocar a otro encuentro p\u00fablico de concejales para el lunes.<\/p>\n<p>Ser\u00e1 llevado a cabo desde las 18 \u00f3 19 horas, cuesti\u00f3n que se definir\u00e1 ese mismo lunes 23 por la ma\u00f1ana cuando en una suerte de HCD en comisi\u00f3n se estudiar\u00e1 el contenido de estas iniciativas.<\/p>\n<p>Ser\u00e1n tales temas, entre otros, la autorizaci\u00f3n del uso de espacio p\u00fablico para el promocionado recital del grupo La Renga que se presentar\u00e1 el s\u00e1bado 28 del corriente en la Pista de Atletismo del Polideportivo Edgardo Hugo Yelpo, y un proyecto de ordenanza que sumar\u00eda una serie de beneficios para el plantel de guardavidas de la Municipalidad. Ambos expedientes estar\u00edan en \u00e1mbitos del Departamento Ejecutivo, cerr\u00e1ndose su contenido, y a la espera del consentimiento del HCD.<\/p>\n<p>El secretario de Gobierno, doctor Jorge Mart\u00ednez, la doctora Paula Farami\u00f1an, integrante del equipo del \u00e1rea de Legal y T\u00e9cnica del DE, y el secretario general de la Asociaci\u00f3n de Guardavidas, Pablo Su\u00e1rez, tomaron parte del encuentro de la comisi\u00f3n de Labor Parlamentaria, \u00e1mbito en que se convino en llevar aquellos proyectos a la sala para el primer d\u00eda h\u00e1bil de la venidera semana.<\/p>\n<p>Lo que deber\u00eda ser una sesi\u00f3n extraordinaria, con orden del d\u00eda cerrado 48 horas previas a su desarrollo, convoc\u00e1ndola al efecto, \u201cser\u00e1 una sesi\u00f3n ordinaria m\u00e1s, dado que el cuerpo se encuentra en per\u00edodo de ordinarias\u201d, se se\u00f1al\u00f3 ante una consulta. Formalidades elevadas a consultas, con esp\u00edritu navide\u00f1o.<\/p>\n<p>A todo esto, este mi\u00e9rcoles 18 a partir de las 9.30 de la ma\u00f1ana el Concejo Deliberante de Necochea llevar\u00e1 a cabo la 15\u00b0 sesi\u00f3n ordinaria del a\u00f1o que tiene 56 temas despachados, 7 de los cuales ser\u00e1n tratados por separado.<\/p>\n<p>Pueden citarse, por ejemplo, el debate y resoluci\u00f3n que se dar\u00e1 en torno al proyecto de c\u00e1lculo de recursos y presupuesto de gastos para el ejercicio 2025 del Departamento Ejecutivo, del propio HCD y del EMSUR (Ente Municipal de Servicios Urbanos y Rurales).<\/p>\n<p>El giro previsto por el DE en torno a los n\u00fameros de la econom\u00eda comunal del venidero a\u00f1o supera los 79.120.000.000 de pesos. Consultas han dado como resultado que el oficialismo, en torno al bloque de Nueva Necochea, tendr\u00eda los votos para la aprobaci\u00f3n de esta iniciativa.<\/p>\n<p>Varios proyectos de ordenanzas presentados por el Ejecutivo municipal en las \u00faltimas horas tambi\u00e9n merecer\u00e1n resoluci\u00f3n del HCD, entre ellos el planteo de extender el \u00e1rea de estacionamiento medido en la villa balnearia, llevando el SEM a la avenida 2 entre 79 y 71, y a la avenida 10, entre 79 y 89. Este \u00faltimo tramo no contar\u00eda con la anuencia del bloque de la UCR, seg\u00fan trascendi\u00f3. \u201cEstar\u00edan los votos para su aprobaci\u00f3n\u201d, dio cuenta una voz del oficialismo. Se ver\u00e1.<\/p>\n<p>Adem\u00e1s, y a pedido del presidente del bloque de concejales de Uni\u00f3n por la Patria-PJ, Juli\u00e1n Kristiansen, se presentar\u00e1 a resultas del resto del cuerpo el expediente N\u00b0 15 que propone modificaciones a la ordenanza que regula el servicio de rem\u00eds.<\/p>\n<p>Por otra parte, ajenas a estas sesiones, el Concejo Deliberante ser\u00e1 escenario este viernes 20 de diciembre de un acto de entrega de reconocimientos, algo previsto a cumplirse desde las 18.30 en la sala principal del departamento legislativo necochense.<\/p>\n","protected":false},"excerpt":{"rendered":"<p>Por Jorge G\u00f3mez Pese a la intenci\u00f3n de que la anunciada sesi\u00f3n ordinaria del Concejo Deliberante de Necochea prevista para este mi\u00e9rcoles 18 de diciembre se la hab\u00eda anunciado como la \u00faltima que iban a realizar los ediles en este casi fin de 2024, el cuerpo de concejales locales adem\u00e1s de la citada volver\u00e1 a [&hellip;]<\/p>\n","protected":false},"author":3,"featured_media":100225,"comment_status":"open","ping_status":"open","sticky":false,"template":"","format":"standard","meta":{"footnotes":""},"categories":[6],"tags":[],"class_list":{"0":"post-111869","1":"post","2":"type-post","3":"status-publish","4":"format-standard","5":"has-post-thumbnail","7":"category-portada2"},"_links":{"self":[{"href":"https:\/\/primicias2262.com\/noticias\/wp-json\/wp\/v2\/posts\/111869","targetHints":{"allow":["GET"]}}],"collection":[{"href":"https:\/\/primicias2262.com\/noticias\/wp-json\/wp\/v2\/posts"}],"about":[{"href":"https:\/\/primicias2262.com\/noticias\/wp-json\/wp\/v2\/types\/post"}],"author":[{"embeddable":true,"href":"https:\/\/primicias2262.com\/noticias\/wp-json\/wp\/v2\/users\/3"}],"replies":[{"embeddable":true,"href":"https:\/\/primicias2262.com\/noticias\/wp-json\/wp\/v2\/comments?post=111869"}],"version-history":[{"count":1,"href":"https:\/\/primicias2262.com\/noticias\/wp-json\/wp\/v2\/posts\/111869\/revisions"}],"predecessor-version":[{"id":111870,"href":"https:\/\/primicias2262.com\/noticias\/wp-json\/wp\/v2\/posts\/111869\/revisions\/111870"}],"wp:featuredmedia":[{"embeddable":true,"href":"https:\/\/primicias2262.com\/noticias\/wp-json\/wp\/v2\/media\/100225"}],"wp:attachment":[{"href":"https:\/\/primicias2262.com\/noticias\/wp-json\/wp\/v2\/media?parent=111869"}],"wp:term":[{"taxonomy":"category","embeddable":true,"href":"https:\/\/primicias2262.com\/noticias\/wp-json\/wp\/v2\/categories?post=111869"},{"taxonomy":"post_tag","embeddable":true,"href":"https:\/\/primicias2262.com\/noticias\/wp-json\/wp\/v2\/tags?post=111869"}],"curies":[{"name":"wp","href":"https:\/\/api.w.org\/{rel}","templated":true}]}}