{"id":111960,"date":"2024-12-26T17:15:33","date_gmt":"2024-12-26T17:15:33","guid":{"rendered":"https:\/\/primicias2262.com\/noticias\/?p=111960"},"modified":"2024-12-27T15:58:41","modified_gmt":"2024-12-27T15:58:41","slug":"el-lago-de-los-cisnes-y-el-mega-park-listos-para-recibir-a-necochenses-y-turistas","status":"publish","type":"post","link":"https:\/\/primicias2262.com\/noticias\/el-lago-de-los-cisnes-y-el-mega-park-listos-para-recibir-a-necochenses-y-turistas\/","title":{"rendered":"El Lago de los Cisnes y el Mega Park, listos para recibir a necochenses y turistas"},"content":{"rendered":"<p><strong>Daniel Carri\u00f3n, integrante de la Asociaci\u00f3n Amigos del Lago de los Cisnes, coment\u00f3 c\u00f3mo est\u00e1 el lago, el trabajo que han hecho durante el a\u00f1o y las expectativas por la temporada alta.<\/strong><\/p>\n<p>El concesionario habl\u00f3 con el periodista Jorge G\u00f3mez en \u201cVoces de la ciudad\u201d y palpit\u00f3 que a pesar del clima desapacible en estos d\u00edas \u201ccreo que esta temporada vamos a tener un 4 o 5% m\u00e1s de gente, es lo que se nota en las reservas\u201d.<\/p>\n<p>De todas maneras, se\u00f1al\u00f3 a la pasada que \u201clos d\u00edas m\u00e1s frescos para nosotros en el lago son ideales, ya que cuando hace mucho calor la gente se queda en la playa y es l\u00f3gico. Este a\u00f1o nos hemos dedicado a todo el cambio de carteler\u00eda e informaci\u00f3n al turista con QR, nos dedicamos a mejorar la info y a poner lindo el predio con pinturas mucho m\u00e1s alegres\u201d.<\/p>\n<p><a href=\"https:\/\/primicias2262.com\/noticias\/wp-content\/uploads\/2024\/11\/daniel-carrion-Lago.jpeg\"><img loading=\"lazy\" decoding=\"async\" class=\"aligncenter size-full wp-image-111379\" src=\"https:\/\/primicias2262.com\/noticias\/wp-content\/uploads\/2024\/11\/daniel-carrion-Lago.jpeg\" alt=\"\" width=\"1280\" height=\"960\" srcset=\"https:\/\/primicias2262.com\/noticias\/wp-content\/uploads\/2024\/11\/daniel-carrion-Lago.jpeg 1280w, https:\/\/primicias2262.com\/noticias\/wp-content\/uploads\/2024\/11\/daniel-carrion-Lago-300x225.jpeg 300w, https:\/\/primicias2262.com\/noticias\/wp-content\/uploads\/2024\/11\/daniel-carrion-Lago-1024x768.jpeg 1024w, https:\/\/primicias2262.com\/noticias\/wp-content\/uploads\/2024\/11\/daniel-carrion-Lago-768x576.jpeg 768w, https:\/\/primicias2262.com\/noticias\/wp-content\/uploads\/2024\/11\/daniel-carrion-Lago-150x113.jpeg 150w, https:\/\/primicias2262.com\/noticias\/wp-content\/uploads\/2024\/11\/daniel-carrion-Lago-696x522.jpeg 696w, https:\/\/primicias2262.com\/noticias\/wp-content\/uploads\/2024\/11\/daniel-carrion-Lago-1068x801.jpeg 1068w\" sizes=\"auto, (max-width: 1280px) 100vw, 1280px\" \/><\/a>Asimismo, record\u00f3 que \u201ctambi\u00e9n est\u00e1 operativo el mega park enfrente con todos los juegos a pleno\u201d, y respecto a horarios inform\u00f3: \u201cEstamos abiertos a partir de las 10 de la ma\u00f1ana y le metemos hasta la nochecita, 20 o 21 horas cuando la gente ya se va retirando, mientras que el parque de diversiones sigue abierto durante la noche\u201d.<\/p>\n<p>Finalmente, ofreci\u00f3 su punto de vista como empresario del turismo acerca del recital de La Renga para este fin de semana, al opinar que \u201cme parece espectacular, en Necochea nos tenemos que animar a hacer eventos grandes que muchas veces se postergan por temor. Hay que atreverse porque estas cosas traen mucha gente y eso despu\u00e9s con el boca a boca arrastra m\u00e1s gente y m\u00e1s turismo\u201d.<\/p>\n","protected":false},"excerpt":{"rendered":"<p>Daniel Carri\u00f3n, integrante de la Asociaci\u00f3n Amigos del Lago de los Cisnes, coment\u00f3 c\u00f3mo est\u00e1 el lago, el trabajo que han hecho durante el a\u00f1o y las expectativas por la temporada alta. El concesionario habl\u00f3 con el periodista Jorge G\u00f3mez en \u201cVoces de la ciudad\u201d y palpit\u00f3 que a pesar del clima desapacible en estos [&hellip;]<\/p>\n","protected":false},"author":3,"featured_media":109296,"comment_status":"open","ping_status":"open","sticky":false,"template":"","format":"standard","meta":{"footnotes":""},"categories":[3],"tags":[],"class_list":{"0":"post-111960","1":"post","2":"type-post","3":"status-publish","4":"format-standard","5":"has-post-thumbnail","7":"category-masnoticias"},"_links":{"self":[{"href":"https:\/\/primicias2262.com\/noticias\/wp-json\/wp\/v2\/posts\/111960","targetHints":{"allow":["GET"]}}],"collection":[{"href":"https:\/\/primicias2262.com\/noticias\/wp-json\/wp\/v2\/posts"}],"about":[{"href":"https:\/\/primicias2262.com\/noticias\/wp-json\/wp\/v2\/types\/post"}],"author":[{"embeddable":true,"href":"https:\/\/primicias2262.com\/noticias\/wp-json\/wp\/v2\/users\/3"}],"replies":[{"embeddable":true,"href":"https:\/\/primicias2262.com\/noticias\/wp-json\/wp\/v2\/comments?post=111960"}],"version-history":[{"count":2,"href":"https:\/\/primicias2262.com\/noticias\/wp-json\/wp\/v2\/posts\/111960\/revisions"}],"predecessor-version":[{"id":111984,"href":"https:\/\/primicias2262.com\/noticias\/wp-json\/wp\/v2\/posts\/111960\/revisions\/111984"}],"wp:featuredmedia":[{"embeddable":true,"href":"https:\/\/primicias2262.com\/noticias\/wp-json\/wp\/v2\/media\/109296"}],"wp:attachment":[{"href":"https:\/\/primicias2262.com\/noticias\/wp-json\/wp\/v2\/media?parent=111960"}],"wp:term":[{"taxonomy":"category","embeddable":true,"href":"https:\/\/primicias2262.com\/noticias\/wp-json\/wp\/v2\/categories?post=111960"},{"taxonomy":"post_tag","embeddable":true,"href":"https:\/\/primicias2262.com\/noticias\/wp-json\/wp\/v2\/tags?post=111960"}],"curies":[{"name":"wp","href":"https:\/\/api.w.org\/{rel}","templated":true}]}}