{"id":112228,"date":"2025-01-13T20:10:52","date_gmt":"2025-01-13T20:10:52","guid":{"rendered":"https:\/\/primicias2262.com\/noticias\/?p=112228"},"modified":"2025-01-14T13:47:49","modified_gmt":"2025-01-14T13:47:49","slug":"se-deposito-el-subsidio-provincial-se-le-abona-lo-pendiente-a-los-choferes-y-se-normalizaria-el-servicio-de-micros","status":"publish","type":"post","link":"https:\/\/primicias2262.com\/noticias\/se-deposito-el-subsidio-provincial-se-le-abona-lo-pendiente-a-los-choferes-y-se-normalizaria-el-servicio-de-micros\/","title":{"rendered":"Se deposit\u00f3 el subsidio provincial y con lo abonado a los choferes se normaliz\u00f3 el transporte urbano de micros"},"content":{"rendered":"<p><strong>Por Jorge G\u00f3mez<\/strong><\/p>\n<p>En la siesta de este caluroso lunes 13 de enero de 2025 las dos empresas prestatarias del transporte urbano de pasajeros en Necochea y Quequ\u00e9n recibieron del Gobierno de la Provincia de Buenos Aires la partida del subsidio que perciben mensualmente, procediendo, acto seguido, a liquidar los adeudados haberes y compromisos varios a los choferes que conducen los micros locales, afiliados estos a la Uni\u00f3n Tranviarios Automotor (UTA).<\/p>\n<p>Lo adeudado comprende los salarios del pasado mes de diciembre como as\u00ed un porcentaje del medio aguinaldo. Ambas cuestiones se encontraban pendiente de cancelaci\u00f3n.<\/p>\n<p>Se deduce que, tras recibir este subsidio, aquellas concesionarias del transporte urbano proced\u00edan a abonar a los trabajadores y como siguiente efecto se levantar\u00eda el paro de actividades que rige desde el jueves pasado, normaliz\u00e1ndose -se presume- el servicio de micros urbanos con el transcurrir de las restantes horas de este segundo lunes del nuevo a\u00f1o.<\/p>\n","protected":false},"excerpt":{"rendered":"<p>Por Jorge G\u00f3mez En la siesta de este caluroso lunes 13 de enero de 2025 las dos empresas prestatarias del transporte urbano de pasajeros en Necochea y Quequ\u00e9n recibieron del Gobierno de la Provincia de Buenos Aires la partida del subsidio que perciben mensualmente, procediendo, acto seguido, a liquidar los adeudados haberes y compromisos varios [&hellip;]<\/p>\n","protected":false},"author":3,"featured_media":101662,"comment_status":"open","ping_status":"open","sticky":false,"template":"","format":"standard","meta":{"footnotes":""},"categories":[5],"tags":[],"class_list":{"0":"post-112228","1":"post","2":"type-post","3":"status-publish","4":"format-standard","5":"has-post-thumbnail","7":"category-neco"},"_links":{"self":[{"href":"https:\/\/primicias2262.com\/noticias\/wp-json\/wp\/v2\/posts\/112228","targetHints":{"allow":["GET"]}}],"collection":[{"href":"https:\/\/primicias2262.com\/noticias\/wp-json\/wp\/v2\/posts"}],"about":[{"href":"https:\/\/primicias2262.com\/noticias\/wp-json\/wp\/v2\/types\/post"}],"author":[{"embeddable":true,"href":"https:\/\/primicias2262.com\/noticias\/wp-json\/wp\/v2\/users\/3"}],"replies":[{"embeddable":true,"href":"https:\/\/primicias2262.com\/noticias\/wp-json\/wp\/v2\/comments?post=112228"}],"version-history":[{"count":3,"href":"https:\/\/primicias2262.com\/noticias\/wp-json\/wp\/v2\/posts\/112228\/revisions"}],"predecessor-version":[{"id":112236,"href":"https:\/\/primicias2262.com\/noticias\/wp-json\/wp\/v2\/posts\/112228\/revisions\/112236"}],"wp:featuredmedia":[{"embeddable":true,"href":"https:\/\/primicias2262.com\/noticias\/wp-json\/wp\/v2\/media\/101662"}],"wp:attachment":[{"href":"https:\/\/primicias2262.com\/noticias\/wp-json\/wp\/v2\/media?parent=112228"}],"wp:term":[{"taxonomy":"category","embeddable":true,"href":"https:\/\/primicias2262.com\/noticias\/wp-json\/wp\/v2\/categories?post=112228"},{"taxonomy":"post_tag","embeddable":true,"href":"https:\/\/primicias2262.com\/noticias\/wp-json\/wp\/v2\/tags?post=112228"}],"curies":[{"name":"wp","href":"https:\/\/api.w.org\/{rel}","templated":true}]}}