{"id":112384,"date":"2025-01-24T15:22:40","date_gmt":"2025-01-24T15:22:40","guid":{"rendered":"https:\/\/primicias2262.com\/noticias\/?p=112384"},"modified":"2025-01-24T15:22:40","modified_gmt":"2025-01-24T15:22:40","slug":"promocionan-velada-boxistica-para-este-sabado-en-el-polideportivo","status":"publish","type":"post","link":"https:\/\/primicias2262.com\/noticias\/promocionan-velada-boxistica-para-este-sabado-en-el-polideportivo\/","title":{"rendered":"Promocionan velada box\u00edstica para este s\u00e1bado en el Polideportivo"},"content":{"rendered":"<p><strong>Javier Vijarra, de Irigoyen Boxing, dialog\u00f3 con el periodista Jorge G\u00f3mez por la promoci\u00f3n de la velada de Necochea Box para este s\u00e1bado 25 en el Polideportivo Municipal, en lo que ser\u00e1 el primer festival de boxeo del a\u00f1o.<\/strong><\/p>\n<p>Irigoyen Box es la productora y el propietario del gimnasio Necochea Box, a cargo de Emanuel Irigoyen, acerca de lo que Vijarra inform\u00f3 que \u201ctenemos 10 peleas amateurs programadas, y 5 de exhibici\u00f3n\u201d, precisando que \u201ca partir de las 20 arrancar\u00e1n las exhibiciones y despu\u00e9s vendr\u00e1n los 10 combates que se dar\u00e1n a partir de las 22 hs hasta despu\u00e9s de la medianoche\u201d.<\/p>\n<p>El valor de la entrada es de 7000 pesos y se anuncia servicio de cantina \u201cEl box es tradicional en muchas ciudades del interior y en Necochea durante el a\u00f1o pasado hemos hecho varios festivales que han sido un \u00e9xito, fueron cinco, y la idea es darle continuidad a lo largo de toda la temporada a todo el desarrollo del boxeo amateur con proyecci\u00f3n al boxeo profesional\u201d, resalt\u00f3.<\/p>\n<p>Vijarra puso en contexto que \u201ceste s\u00e1bado la pelea de fondo va a ser protagonizada por la campeona amateur argentina Roc\u00edo Prada de 18 a\u00f1os contra la campeona latinoamericana Romina Leiva; y en la de semi fondo estar\u00e1 el necochense M\u00e1ximo Rodr\u00edguez de 16 a\u00f1os. Prada y Rodr\u00edguez \u00a0como p\u00fagiles locales van a tratar de sumar algunas peleas m\u00e1s para llegar en marzo o abril a ser profesionales\u201d.<\/p>\n<p>Finalmente, el promotor tambi\u00e9n anticip\u00f3 sobre el encuentro de MMA Artes Marciales Mixtas que se anuncia en Necochea para el 8 de febrero. \u201cTenemos programados alrededor de 20 combates, es el primero del a\u00f1o que organiza Mauricio Dolimpio de Hombres de Honor, con luchadores de la provincia de Buenos Aires y tambi\u00e9n de Neuqu\u00e9n y Mendoza\u201d, adelant\u00f3.<\/p>\n","protected":false},"excerpt":{"rendered":"<p>Javier Vijarra, de Irigoyen Boxing, dialog\u00f3 con el periodista Jorge G\u00f3mez por la promoci\u00f3n de la velada de Necochea Box para este s\u00e1bado 25 en el Polideportivo Municipal, en lo que ser\u00e1 el primer festival de boxeo del a\u00f1o. Irigoyen Box es la productora y el propietario del gimnasio Necochea Box, a cargo de Emanuel [&hellip;]<\/p>\n","protected":false},"author":3,"featured_media":112385,"comment_status":"open","ping_status":"open","sticky":false,"template":"","format":"standard","meta":{"footnotes":""},"categories":[5],"tags":[],"class_list":{"0":"post-112384","1":"post","2":"type-post","3":"status-publish","4":"format-standard","5":"has-post-thumbnail","7":"category-neco"},"_links":{"self":[{"href":"https:\/\/primicias2262.com\/noticias\/wp-json\/wp\/v2\/posts\/112384","targetHints":{"allow":["GET"]}}],"collection":[{"href":"https:\/\/primicias2262.com\/noticias\/wp-json\/wp\/v2\/posts"}],"about":[{"href":"https:\/\/primicias2262.com\/noticias\/wp-json\/wp\/v2\/types\/post"}],"author":[{"embeddable":true,"href":"https:\/\/primicias2262.com\/noticias\/wp-json\/wp\/v2\/users\/3"}],"replies":[{"embeddable":true,"href":"https:\/\/primicias2262.com\/noticias\/wp-json\/wp\/v2\/comments?post=112384"}],"version-history":[{"count":1,"href":"https:\/\/primicias2262.com\/noticias\/wp-json\/wp\/v2\/posts\/112384\/revisions"}],"predecessor-version":[{"id":112386,"href":"https:\/\/primicias2262.com\/noticias\/wp-json\/wp\/v2\/posts\/112384\/revisions\/112386"}],"wp:featuredmedia":[{"embeddable":true,"href":"https:\/\/primicias2262.com\/noticias\/wp-json\/wp\/v2\/media\/112385"}],"wp:attachment":[{"href":"https:\/\/primicias2262.com\/noticias\/wp-json\/wp\/v2\/media?parent=112384"}],"wp:term":[{"taxonomy":"category","embeddable":true,"href":"https:\/\/primicias2262.com\/noticias\/wp-json\/wp\/v2\/categories?post=112384"},{"taxonomy":"post_tag","embeddable":true,"href":"https:\/\/primicias2262.com\/noticias\/wp-json\/wp\/v2\/tags?post=112384"}],"curies":[{"name":"wp","href":"https:\/\/api.w.org\/{rel}","templated":true}]}}