{"id":112470,"date":"2025-01-30T12:14:13","date_gmt":"2025-01-30T12:14:13","guid":{"rendered":"https:\/\/primicias2262.com\/noticias\/?p=112470"},"modified":"2025-01-30T12:14:13","modified_gmt":"2025-01-30T12:14:13","slug":"comienza-el-64o-festival-infantil-show-inaugural-y-agenda-de-la-primera-jornada","status":"publish","type":"post","link":"https:\/\/primicias2262.com\/noticias\/comienza-el-64o-festival-infantil-show-inaugural-y-agenda-de-la-primera-jornada\/","title":{"rendered":"Comienza el 64\u00ba Festival Infantil: show inaugural y agenda de la primera jornada"},"content":{"rendered":"<p><strong>Este jueves 30 de enero comenzar\u00e1 el 64\u00ba Festival Infantil, una tradici\u00f3n de todos los veranos en Necochea que se realiza desde la Municipalidad para las familias locales y p\u00fablico turista. El Jard\u00edn Franc\u00e9s del Parque Miguel Lillo se vestir\u00e1 de fiesta para vivir cuatro d\u00edas a puro espect\u00e1culos, juegos y talleres.<\/strong><\/p>\n<p><strong>La apertura ser\u00e1 desde las 19 de este jueves<\/strong>, donde las \u201cemociones\u201d llegar\u00e1n al Festival\u00f3dromo de la mano de una puesta en escena multicolor desarrollada por la Direcci\u00f3n de Cultura. Las calles internas del Jard\u00edn Franc\u00e9s se llenar\u00e1n de expresiones para dar el puntapi\u00e9 inicial de esta 64\u00ba edici\u00f3n.<\/p>\n<p>Este recorrido inicial del Festival contar\u00e1 con artistas circenses, compa\u00f1\u00edas teatrales, colaboradores que estar\u00e1n personificados con trajes infantiles y las murgas locales: \u201cHoy Bailar\u00e9\u201d, \u201cLos So\u00f1adores\u201d, \u201cCachivaches de la Ilusi\u00f3n\u201d y \u201cReventados del Ritmo\u201d. A ellos se sumar\u00e1n Rulesky (N\u00e9stor Plaza), Finita (Silvina Gonzales de Olivera), Compa\u00f1\u00eda La \u00d1ata Roja (Josefina Loustaunau, Andr\u00e9s Arouxet, Bernarda Bogliolo y Mat\u00edas Acuipil) y Envi\u00f3n.<\/p>\n<p>En tanto, la jornada pos apertura en el Jard\u00edn Franc\u00e9s seguir\u00e1 con espect\u00e1culos y shows en el escenario central y en el Anfiteatro \u201cPedro Arozarena\u201d.<\/p>\n<p><strong>Jueves 30<\/strong><\/p>\n<p>Escenario:<br \/>\n20.30 Circo Entero<br \/>\n21.30 Sin Cordones<\/p>\n<p>Anfiteatro:<br \/>\n20 hs Las Aventuras de PyP<br \/>\n21 hs Polillas Portillo<\/p>\n","protected":false},"excerpt":{"rendered":"<p>Este jueves 30 de enero comenzar\u00e1 el 64\u00ba Festival Infantil, una tradici\u00f3n de todos los veranos en Necochea que se realiza desde la Municipalidad para las familias locales y p\u00fablico turista. El Jard\u00edn Franc\u00e9s del Parque Miguel Lillo se vestir\u00e1 de fiesta para vivir cuatro d\u00edas a puro espect\u00e1culos, juegos y talleres. La apertura ser\u00e1 [&hellip;]<\/p>\n","protected":false},"author":3,"featured_media":112342,"comment_status":"open","ping_status":"open","sticky":false,"template":"","format":"standard","meta":{"footnotes":""},"categories":[6],"tags":[],"class_list":{"0":"post-112470","1":"post","2":"type-post","3":"status-publish","4":"format-standard","5":"has-post-thumbnail","7":"category-portada2"},"_links":{"self":[{"href":"https:\/\/primicias2262.com\/noticias\/wp-json\/wp\/v2\/posts\/112470","targetHints":{"allow":["GET"]}}],"collection":[{"href":"https:\/\/primicias2262.com\/noticias\/wp-json\/wp\/v2\/posts"}],"about":[{"href":"https:\/\/primicias2262.com\/noticias\/wp-json\/wp\/v2\/types\/post"}],"author":[{"embeddable":true,"href":"https:\/\/primicias2262.com\/noticias\/wp-json\/wp\/v2\/users\/3"}],"replies":[{"embeddable":true,"href":"https:\/\/primicias2262.com\/noticias\/wp-json\/wp\/v2\/comments?post=112470"}],"version-history":[{"count":1,"href":"https:\/\/primicias2262.com\/noticias\/wp-json\/wp\/v2\/posts\/112470\/revisions"}],"predecessor-version":[{"id":112471,"href":"https:\/\/primicias2262.com\/noticias\/wp-json\/wp\/v2\/posts\/112470\/revisions\/112471"}],"wp:featuredmedia":[{"embeddable":true,"href":"https:\/\/primicias2262.com\/noticias\/wp-json\/wp\/v2\/media\/112342"}],"wp:attachment":[{"href":"https:\/\/primicias2262.com\/noticias\/wp-json\/wp\/v2\/media?parent=112470"}],"wp:term":[{"taxonomy":"category","embeddable":true,"href":"https:\/\/primicias2262.com\/noticias\/wp-json\/wp\/v2\/categories?post=112470"},{"taxonomy":"post_tag","embeddable":true,"href":"https:\/\/primicias2262.com\/noticias\/wp-json\/wp\/v2\/tags?post=112470"}],"curies":[{"name":"wp","href":"https:\/\/api.w.org\/{rel}","templated":true}]}}