{"id":112847,"date":"2025-02-21T12:16:27","date_gmt":"2025-02-21T12:16:27","guid":{"rendered":"https:\/\/primicias2262.com\/noticias\/?p=112847"},"modified":"2025-02-21T12:16:27","modified_gmt":"2025-02-21T12:16:27","slug":"desde-el-lunes-abren-las-inscripciones-para-la-escuela-de-artes-de-quequen","status":"publish","type":"post","link":"https:\/\/primicias2262.com\/noticias\/desde-el-lunes-abren-las-inscripciones-para-la-escuela-de-artes-de-quequen\/","title":{"rendered":"Desde el lunes abren las inscripciones para la Escuela de Artes de Quequ\u00e9n"},"content":{"rendered":"<p><strong>La Escuela Municipal de Artes de Quequen, dependiente de la Direcci\u00f3n de Educaci\u00f3n, inform\u00f3 los d\u00edas y horarios de los diferentes talleres de Arte gratuitos y abiertos para el ciclo 2025, el cual comenzar\u00e1 con sus clases el 17 de marzo.<\/strong><\/p>\n<p>En vistas al inicio del nuevo ciclo, <strong>los interesados podr\u00e1n inscribirse a partir del venidero lunes 25 de febrero en la sede de la EMAQ, en 519 N\u00ba 2670, de 9 a 15 hs.; o bien pueden comunicarse al tel\u00e9fono 45-0046; entrar al Facebook Escuela de Artes de Quequen o al Instagram @escuelamunicipalartesqqn<\/strong>. Se solicita la fotocopia de DNI del inscripto.<\/p>\n<p>Adem\u00e1s, se aclar\u00f3 que las planillas de inscripci\u00f3n se pueden encontrar en el kiosko frente al Club Ministerio (519 y 554)<\/p>\n<p><strong>D\u00edas, horarios y talleres de la EMAQ 2025:<\/strong><\/p>\n<p><strong>LUNES:<\/strong><\/p>\n<ul>\n<li>30 a 11.20 hs Plastica Infantil \/ Griselda Rodriguez (a partir de los 7 a\u00f1os)<\/li>\n<li>30 a 12hs TANGO adultos\/ Santiago Fabi\u00e1n Betanzos<\/li>\n<li>14 a 15.30hs Pl\u00e1stica infantil \/ Andrea Mansilla (a partir de los 7 a\u00f1os)<\/li>\n<li>30a 16.30 hs CONSTRUCCION\/ES Griselda Rodr\u00edguez (a partir 8 a\u00f1os a 14)<\/li>\n<li>16 a 17hs Movimiento y color 3 a 5\/6a\u00f1os \/Andrea Mansilla y Ver\u00f3nica Choperena<\/li>\n<li>30 a 19hs Pl\u00e1stica infantil \/ Andrea Mansilla<\/li>\n<li>18 a 19hs Guitarra \/ M\u00e1ximo \u201cCochecho\u201d Aguirre<\/li>\n<li>45 a 19hs Danza Creativa Infantil, Ver\u00f3nica Choperena (a partir de los 7 a\u00f1os)<\/li>\n<\/ul>\n<p><strong>MARTES:<\/strong><\/p>\n<ul>\n<li>30 a 10hs Escuchar Mover Bailar, adultos.\/Ver\u00f3nicaChoperena<\/li>\n<li>10 a 13hs DIBUJO adultos\/ Sandra Torres<\/li>\n<li>10 a 12hs Guitarra adultos\/ Cochecho Aguirre.<\/li>\n<li>11 a 13hs Pido la PALABRA \/ 13 a 16 a\u00f1os CAPS FOMENTO Agustina y Nico Gauna<\/li>\n<li>15 a 16.15hs PRIMARIA ADULTOS 702 ( PCIA)<\/li>\n<\/ul>\n<p><strong>MIERCOLES:<\/strong><\/p>\n<ul>\n<li>30 a 12.30hs Dibujo y pintura adultos \/ Sandra Torres.<\/li>\n<li>14 a 15.30 hs Pl\u00e1stica infantil\/ Mansilla (a partir 7 a\u00f1os)<\/li>\n<li>17 .30 a 19 hs Pl\u00e1stica Infantil \/ Mansilla<\/li>\n<li>30 a 19 Guitarra con conocimientos previos\/ Cochecho Aguirre<\/li>\n<li>45 a 19 Movimiento creativo con elementos (a partir 7 a\u00f1os)<\/li>\n<\/ul>\n<p><strong>JUEVES:<\/strong><\/p>\n<ul>\n<li>30 a 10.20hs Jugar con VOZ\/ 5 a 7 a\u00f1os. Ely Arizmendi<\/li>\n<li>30 a 12 TangoMilonga adultos \/ Santiago Betanzos<\/li>\n<li>15 a 16.15 hs PRIMARIA ADULTOS 702.<\/li>\n<li>14 30 a16.15 y 16.30 a 18hs, Cer\u00e1mica Infantil, Ana Lecumberri<\/li>\n<\/ul>\n<p><strong>VIERNES:<\/strong><\/p>\n<ul>\n<li>10 a 11hs Juego y Movimiento creativo 3 a 5\/6 Moreyra Choperena<\/li>\n<li>30 a 12.30 hs DIBUJO \/ Sandra Torres<\/li>\n<li>14 a 15.30 y 15.30 a 16.30 teatro infantil \/ 7 a 14 a\u00f1os Y\u00e9sica Lifscitz<\/li>\n<li>15 a 16.30 hs Cer\u00e1mica infantil\/ Ana Lecumberri<\/li>\n<li>17 a 18.30 Cer\u00e1mica infantil \/ Ana Lecumberri<\/li>\n<\/ul>\n<p><strong>Espacios \/ encuentros \/ pr\u00e1cticas mensuales:<\/strong><\/p>\n<p>-JAM\/ Pr\u00e1ctica de improvisaci\u00f3n en danza\/Choperena.<\/p>\n<p>-Articulaci\u00f3n con Jardines Maternales Municipales o de pcia\u00a0 \/ juego, contacto y movimiento creativo.<\/p>\n<p>-Articulaci\u00f3n con \u00e1rea de discapacidad\u00a0 y Hospital Taraborelli\/ Movimiento creativo\/ comunicaci\u00f3n corporal.<\/p>\n","protected":false},"excerpt":{"rendered":"<p>La Escuela Municipal de Artes de Quequen, dependiente de la Direcci\u00f3n de Educaci\u00f3n, inform\u00f3 los d\u00edas y horarios de los diferentes talleres de Arte gratuitos y abiertos para el ciclo 2025, el cual comenzar\u00e1 con sus clases el 17 de marzo. En vistas al inicio del nuevo ciclo, los interesados podr\u00e1n inscribirse a partir del [&hellip;]<\/p>\n","protected":false},"author":3,"featured_media":112848,"comment_status":"open","ping_status":"open","sticky":false,"template":"","format":"standard","meta":{"footnotes":""},"categories":[5],"tags":[],"class_list":{"0":"post-112847","1":"post","2":"type-post","3":"status-publish","4":"format-standard","5":"has-post-thumbnail","7":"category-neco"},"_links":{"self":[{"href":"https:\/\/primicias2262.com\/noticias\/wp-json\/wp\/v2\/posts\/112847","targetHints":{"allow":["GET"]}}],"collection":[{"href":"https:\/\/primicias2262.com\/noticias\/wp-json\/wp\/v2\/posts"}],"about":[{"href":"https:\/\/primicias2262.com\/noticias\/wp-json\/wp\/v2\/types\/post"}],"author":[{"embeddable":true,"href":"https:\/\/primicias2262.com\/noticias\/wp-json\/wp\/v2\/users\/3"}],"replies":[{"embeddable":true,"href":"https:\/\/primicias2262.com\/noticias\/wp-json\/wp\/v2\/comments?post=112847"}],"version-history":[{"count":1,"href":"https:\/\/primicias2262.com\/noticias\/wp-json\/wp\/v2\/posts\/112847\/revisions"}],"predecessor-version":[{"id":112849,"href":"https:\/\/primicias2262.com\/noticias\/wp-json\/wp\/v2\/posts\/112847\/revisions\/112849"}],"wp:featuredmedia":[{"embeddable":true,"href":"https:\/\/primicias2262.com\/noticias\/wp-json\/wp\/v2\/media\/112848"}],"wp:attachment":[{"href":"https:\/\/primicias2262.com\/noticias\/wp-json\/wp\/v2\/media?parent=112847"}],"wp:term":[{"taxonomy":"category","embeddable":true,"href":"https:\/\/primicias2262.com\/noticias\/wp-json\/wp\/v2\/categories?post=112847"},{"taxonomy":"post_tag","embeddable":true,"href":"https:\/\/primicias2262.com\/noticias\/wp-json\/wp\/v2\/tags?post=112847"}],"curies":[{"name":"wp","href":"https:\/\/api.w.org\/{rel}","templated":true}]}}