{"id":112978,"date":"2025-02-28T12:21:12","date_gmt":"2025-02-28T12:21:12","guid":{"rendered":"https:\/\/primicias2262.com\/noticias\/?p=112978"},"modified":"2025-02-28T12:21:12","modified_gmt":"2025-02-28T12:21:12","slug":"este-viernes-depositarian-salarios-para-municipales-con-10-de-incremento-al-basico","status":"publish","type":"post","link":"https:\/\/primicias2262.com\/noticias\/este-viernes-depositarian-salarios-para-municipales-con-10-de-incremento-al-basico\/","title":{"rendered":"Este viernes depositar\u00edan salarios para municipales con 10% de incremento al b\u00e1sico"},"content":{"rendered":"<p><strong>As\u00ed lo se\u00f1al\u00f3 el Secretario Adjunto del Sindicato de Trabajadores Municipales, Gast\u00f3n D\u00edaz, quien dialog\u00f3 con el periodista Jorge G\u00f3mez, en el marco del programa Voces de la Ciudad que se emite a trav\u00e9s de Estaci\u00f3n FREE, 90.3 en FM.<\/strong><\/p>\n<p>Extraoficialmente, D\u00edaz se\u00f1al\u00f3 que \u201cma\u00f1ana estar\u00e1n depositando los salarios del mes de febrero y a partir del d\u00eda s\u00e1bado estar\u00e1 disponible el cobro, de acuerdo a como viene cumpliendo el municipio todos los meses\u201d.<\/p>\n<p>Record\u00f3 de acuerdo a la \u00faltima paritaria que \u201cla novedad es que viene con el 10% de incremento al b\u00e1sico, que impacta tambi\u00e9n positivamente a los compa\u00f1eros pasivos. El acuerdo incluye el pase a planta permanente de los compa\u00f1eros trabajadores interinos\u201d (salvo categor\u00edas superiores, carrera M\u00e9dica y docentes).<\/p>\n<p>Por otra parte, respecto a la entrega de \u00fatiles escolares que realiza el Sindicato para los alumno que son hijos de los afiliados, Gast\u00f3n inform\u00f3 que \u201cse est\u00e1 entregando de lunes a viernes de 8 a 13 hs. y por la tarde de 18 a 20, incluso los s\u00e1bados tambi\u00e9n al mediod\u00eda\u201d.<\/p>\n<p>quien dialog\u00f3 con el periodista Jorge G\u00f3mez, en el marco del programa Voces de la Ciudad que se emite a trav\u00e9s de Estaci\u00f3n FREE, 90.3 en FM.<\/p>\n","protected":false},"excerpt":{"rendered":"<p>As\u00ed lo se\u00f1al\u00f3 el Secretario Adjunto del Sindicato de Trabajadores Municipales, Gast\u00f3n D\u00edaz, quien dialog\u00f3 con el periodista Jorge G\u00f3mez, en el marco del programa Voces de la Ciudad que se emite a trav\u00e9s de Estaci\u00f3n FREE, 90.3 en FM. Extraoficialmente, D\u00edaz se\u00f1al\u00f3 que \u201cma\u00f1ana estar\u00e1n depositando los salarios del mes de febrero y a [&hellip;]<\/p>\n","protected":false},"author":3,"featured_media":108420,"comment_status":"open","ping_status":"open","sticky":false,"template":"","format":"standard","meta":{"footnotes":""},"categories":[5],"tags":[],"class_list":{"0":"post-112978","1":"post","2":"type-post","3":"status-publish","4":"format-standard","5":"has-post-thumbnail","7":"category-neco"},"_links":{"self":[{"href":"https:\/\/primicias2262.com\/noticias\/wp-json\/wp\/v2\/posts\/112978","targetHints":{"allow":["GET"]}}],"collection":[{"href":"https:\/\/primicias2262.com\/noticias\/wp-json\/wp\/v2\/posts"}],"about":[{"href":"https:\/\/primicias2262.com\/noticias\/wp-json\/wp\/v2\/types\/post"}],"author":[{"embeddable":true,"href":"https:\/\/primicias2262.com\/noticias\/wp-json\/wp\/v2\/users\/3"}],"replies":[{"embeddable":true,"href":"https:\/\/primicias2262.com\/noticias\/wp-json\/wp\/v2\/comments?post=112978"}],"version-history":[{"count":1,"href":"https:\/\/primicias2262.com\/noticias\/wp-json\/wp\/v2\/posts\/112978\/revisions"}],"predecessor-version":[{"id":112980,"href":"https:\/\/primicias2262.com\/noticias\/wp-json\/wp\/v2\/posts\/112978\/revisions\/112980"}],"wp:featuredmedia":[{"embeddable":true,"href":"https:\/\/primicias2262.com\/noticias\/wp-json\/wp\/v2\/media\/108420"}],"wp:attachment":[{"href":"https:\/\/primicias2262.com\/noticias\/wp-json\/wp\/v2\/media?parent=112978"}],"wp:term":[{"taxonomy":"category","embeddable":true,"href":"https:\/\/primicias2262.com\/noticias\/wp-json\/wp\/v2\/categories?post=112978"},{"taxonomy":"post_tag","embeddable":true,"href":"https:\/\/primicias2262.com\/noticias\/wp-json\/wp\/v2\/tags?post=112978"}],"curies":[{"name":"wp","href":"https:\/\/api.w.org\/{rel}","templated":true}]}}