{"id":113080,"date":"2025-03-10T16:27:05","date_gmt":"2025-03-10T16:27:05","guid":{"rendered":"https:\/\/primicias2262.com\/noticias\/?p=113080"},"modified":"2025-03-10T16:27:05","modified_gmt":"2025-03-10T16:27:05","slug":"reparacion-del-puente-dardo-rocha-terminamos-de-gestionar-una-obra-que-es-fundamental","status":"publish","type":"post","link":"https:\/\/primicias2262.com\/noticias\/reparacion-del-puente-dardo-rocha-terminamos-de-gestionar-una-obra-que-es-fundamental\/","title":{"rendered":"Reparaci\u00f3n del Puente Dardo Rocha: \u201cTerminamos de gestionar una obra que es fundamental\u201d"},"content":{"rendered":"<p><strong>As\u00ed lo reflej\u00f3 el concejal de Uni\u00f3n por la Patria, Juli\u00e1n Kristiansen, quien junto a su compa\u00f1era de bancada Evangelina Almada estuvieron reunidos con Carlos Rodr\u00edguez de Obras P\u00fablicas de Provincia, charlando sobre el Puente Dardo Rocha.<\/strong><\/p>\n<p>Quien dialog\u00f3 con el periodista Jorge G\u00f3mez, en el marco del programa Voces de la Ciudad que se emite a trav\u00e9s de Estaci\u00f3n FREE, 90.3 en FM, se\u00f1al\u00f3 que \u201ctodo comenz\u00f3 con el principio de colaboraci\u00f3n entre dos municipios como Necochea y Avellaneda a trav\u00e9s del cual se consiguieron 300 luminarias Led, y cuando hicimos el relevamiento vimos que faltaban luminarias en los accesos a la ciudad y tambi\u00e9n en un tramo de Ruta 88, lo cual compete a Vialidad Provincial, de quien precis\u00e1bamos el permiso\u201d.<\/p>\n<p>En ese marco, recapitul\u00f3 que \u201cpara eso tuvimos que interactuar con el Ejecutivo municipal y desde el municipio nos dijeron si les pod\u00edamos dar una mano en el pedido de la obra del Puente Dardo Rocha, que para Vialidad local es prioridad arreglar, tanto en la pasarela peatonal del puente y en una baranda estructural\u201d.<\/p>\n<p>En funci\u00f3n de ello, el concejal afirm\u00f3 que \u201csomos oficialistas al gobierno provincial y todo lo que pueda ayudar en materia de obras para Necochea lo haremos, as\u00ed que expresamos la necesidad de la reparaci\u00f3n\u201d, contando seguidamente que \u201carticulamos con Vialidad local e hicimos el pedido que a la empresa que ya ha estado ejecutando obras se le permita sub contratar a otra empresa que pueda realizar la obra puntual de reparaci\u00f3n\u201d.<\/p>\n<p><a href=\"https:\/\/primicias2262.com\/noticias\/wp-content\/uploads\/2023\/10\/julian-kristiansen.jpeg\"><img loading=\"lazy\" decoding=\"async\" class=\"aligncenter size-full wp-image-104194\" src=\"https:\/\/primicias2262.com\/noticias\/wp-content\/uploads\/2023\/10\/julian-kristiansen.jpeg\" alt=\"\" width=\"1024\" height=\"768\" srcset=\"https:\/\/primicias2262.com\/noticias\/wp-content\/uploads\/2023\/10\/julian-kristiansen.jpeg 1024w, https:\/\/primicias2262.com\/noticias\/wp-content\/uploads\/2023\/10\/julian-kristiansen-300x225.jpeg 300w, https:\/\/primicias2262.com\/noticias\/wp-content\/uploads\/2023\/10\/julian-kristiansen-768x576.jpeg 768w, https:\/\/primicias2262.com\/noticias\/wp-content\/uploads\/2023\/10\/julian-kristiansen-150x113.jpeg 150w, https:\/\/primicias2262.com\/noticias\/wp-content\/uploads\/2023\/10\/julian-kristiansen-696x522.jpeg 696w\" sizes=\"auto, (max-width: 1024px) 100vw, 1024px\" \/><\/a>\u201cEn este caso ya se hizo un acopio de presupuestos, se mand\u00f3 a Provincia y para reforzar el pedido viajamos para reunirnos con la c\u00fapula de Obras P\u00fablicas de la Provincia y terminamos de gestionar esta obra que nos pareci\u00f3 fundamental\u201d, se\u00f1al\u00f3, para concluir que \u201cla idea es que haga una primera etapa de la reparaci\u00f3n del puente en el paso peatonal y la baranda estructural, estamos muy avanzados y seguros de que ese recurso se va a tener para que llegue a las arcas de Vialidad\u201d.<\/p>\n<p>quien dialog\u00f3 con el periodista Jorge G\u00f3mez, en el marco del programa Voces de la Ciudad que se emite a trav\u00e9s de Estaci\u00f3n FREE, 90.3 en FM.<\/p>\n","protected":false},"excerpt":{"rendered":"<p>As\u00ed lo reflej\u00f3 el concejal de Uni\u00f3n por la Patria, Juli\u00e1n Kristiansen, quien junto a su compa\u00f1era de bancada Evangelina Almada estuvieron reunidos con Carlos Rodr\u00edguez de Obras P\u00fablicas de Provincia, charlando sobre el Puente Dardo Rocha. Quien dialog\u00f3 con el periodista Jorge G\u00f3mez, en el marco del programa Voces de la Ciudad que se [&hellip;]<\/p>\n","protected":false},"author":3,"featured_media":101451,"comment_status":"open","ping_status":"open","sticky":false,"template":"","format":"standard","meta":{"footnotes":""},"categories":[5],"tags":[],"class_list":{"0":"post-113080","1":"post","2":"type-post","3":"status-publish","4":"format-standard","5":"has-post-thumbnail","7":"category-neco"},"_links":{"self":[{"href":"https:\/\/primicias2262.com\/noticias\/wp-json\/wp\/v2\/posts\/113080","targetHints":{"allow":["GET"]}}],"collection":[{"href":"https:\/\/primicias2262.com\/noticias\/wp-json\/wp\/v2\/posts"}],"about":[{"href":"https:\/\/primicias2262.com\/noticias\/wp-json\/wp\/v2\/types\/post"}],"author":[{"embeddable":true,"href":"https:\/\/primicias2262.com\/noticias\/wp-json\/wp\/v2\/users\/3"}],"replies":[{"embeddable":true,"href":"https:\/\/primicias2262.com\/noticias\/wp-json\/wp\/v2\/comments?post=113080"}],"version-history":[{"count":1,"href":"https:\/\/primicias2262.com\/noticias\/wp-json\/wp\/v2\/posts\/113080\/revisions"}],"predecessor-version":[{"id":113081,"href":"https:\/\/primicias2262.com\/noticias\/wp-json\/wp\/v2\/posts\/113080\/revisions\/113081"}],"wp:featuredmedia":[{"embeddable":true,"href":"https:\/\/primicias2262.com\/noticias\/wp-json\/wp\/v2\/media\/101451"}],"wp:attachment":[{"href":"https:\/\/primicias2262.com\/noticias\/wp-json\/wp\/v2\/media?parent=113080"}],"wp:term":[{"taxonomy":"category","embeddable":true,"href":"https:\/\/primicias2262.com\/noticias\/wp-json\/wp\/v2\/categories?post=113080"},{"taxonomy":"post_tag","embeddable":true,"href":"https:\/\/primicias2262.com\/noticias\/wp-json\/wp\/v2\/tags?post=113080"}],"curies":[{"name":"wp","href":"https:\/\/api.w.org\/{rel}","templated":true}]}}