{"id":113473,"date":"2025-04-01T16:37:42","date_gmt":"2025-04-01T16:37:42","guid":{"rendered":"https:\/\/primicias2262.com\/noticias\/?p=113473"},"modified":"2025-04-03T16:38:05","modified_gmt":"2025-04-03T16:38:05","slug":"para-el-lago-de-los-cisnes-la-temporada-fue-muy-buena-y-ya-se-planifica-para-el-otono-invierno","status":"publish","type":"post","link":"https:\/\/primicias2262.com\/noticias\/para-el-lago-de-los-cisnes-la-temporada-fue-muy-buena-y-ya-se-planifica-para-el-otono-invierno\/","title":{"rendered":"Para el Lago de los Cisnes la temporada fue muy buena y ya se planifica para el oto\u00f1o-invierno \u00a0"},"content":{"rendered":"<p><strong>As\u00ed lo asegur\u00f3 quien est\u00e1 al frente de la concesi\u00f3n del Lago de los Cisnes, Daniel Carri\u00f3n.<\/strong><\/p>\n<p>Quien dialog\u00f3 con el periodista Jorge G\u00f3mez, en el marco del programa Voces de la Ciudad que se emite a trav\u00e9s de Estaci\u00f3n FREE, 90.3 en FM afirm\u00f3 que \u201cel balance ha sido muy positivo y para nosotros fue una muy buena temporada, tuvimos un porcentaje de tickets muy importante en todos los rubros: tirolesa, botes y apart. Y la gente de Munich con la gastronom\u00eda tuvo un excelente a\u00f1o. Es todo un combo donde va la familia completa a pasar las horas\u201d.<\/p>\n<p>Seguidamente mencion\u00f3 que \u201cse rubric\u00f3 un convenio para profesionalizar a gente de los Centros de Formaci\u00f3n Profesional. Es parte de la interacci\u00f3n que venimos buscando hace mucho tiempo, se dieron las cosas para que nos juntemos en la misma idea porque nosotros necesitamos chicos que manejen la parte tur\u00edstica, la interacci\u00f3n con los animales, la granja, el aprendizaje de energ\u00edas renovables, entonces nosotros ofrecemos el espacio para que puedan realizar las pr\u00e1cticas que necesiten. De esa manera formaremos chicos que practicar\u00e1n c\u00f3mo se atiende a un turista en nuestra ciudad\u201d.<\/p>\n<p>Asimismo, anunci\u00f3 que \u201cestamos recibiendo pedidos de escuelas de media provincia para venir a pasar el d\u00eda en Necochea en temporada baja. Nosotros estamos abiertos todo el a\u00f1o. Ahora estamos desde las 9 de la ma\u00f1ana hasta las 18 o 19 que se pone de noche, y en verano hasta las 21\u201d.<\/p>\n<p>Finalmente, Carri\u00f3n resalt\u00f3 que \u201cestamos enfocados en festejar los cumplea\u00f1os para los chicos, le damos importante atenci\u00f3n este a\u00f1o porque ya estamos con toda la estructura pr\u00e1cticamente lista y nos dedicaremos al tema de los cumplea\u00f1os para los chicos, que podr\u00e1n hacer todas las actividades que deseen contratar. La familia ve que es m\u00e1s f\u00e1cil hacer el cumplea\u00f1os ah\u00ed que en su casa o en un pelotero, y tenemos todos los planes y formato de pago\u201d.<\/p>\n","protected":false},"excerpt":{"rendered":"<p>As\u00ed lo asegur\u00f3 quien est\u00e1 al frente de la concesi\u00f3n del Lago de los Cisnes, Daniel Carri\u00f3n. Quien dialog\u00f3 con el periodista Jorge G\u00f3mez, en el marco del programa Voces de la Ciudad que se emite a trav\u00e9s de Estaci\u00f3n FREE, 90.3 en FM afirm\u00f3 que \u201cel balance ha sido muy positivo y para nosotros [&hellip;]<\/p>\n","protected":false},"author":3,"featured_media":111379,"comment_status":"open","ping_status":"open","sticky":false,"template":"","format":"standard","meta":{"footnotes":""},"categories":[3],"tags":[],"class_list":{"0":"post-113473","1":"post","2":"type-post","3":"status-publish","4":"format-standard","5":"has-post-thumbnail","7":"category-masnoticias"},"_links":{"self":[{"href":"https:\/\/primicias2262.com\/noticias\/wp-json\/wp\/v2\/posts\/113473","targetHints":{"allow":["GET"]}}],"collection":[{"href":"https:\/\/primicias2262.com\/noticias\/wp-json\/wp\/v2\/posts"}],"about":[{"href":"https:\/\/primicias2262.com\/noticias\/wp-json\/wp\/v2\/types\/post"}],"author":[{"embeddable":true,"href":"https:\/\/primicias2262.com\/noticias\/wp-json\/wp\/v2\/users\/3"}],"replies":[{"embeddable":true,"href":"https:\/\/primicias2262.com\/noticias\/wp-json\/wp\/v2\/comments?post=113473"}],"version-history":[{"count":2,"href":"https:\/\/primicias2262.com\/noticias\/wp-json\/wp\/v2\/posts\/113473\/revisions"}],"predecessor-version":[{"id":113501,"href":"https:\/\/primicias2262.com\/noticias\/wp-json\/wp\/v2\/posts\/113473\/revisions\/113501"}],"wp:featuredmedia":[{"embeddable":true,"href":"https:\/\/primicias2262.com\/noticias\/wp-json\/wp\/v2\/media\/111379"}],"wp:attachment":[{"href":"https:\/\/primicias2262.com\/noticias\/wp-json\/wp\/v2\/media?parent=113473"}],"wp:term":[{"taxonomy":"category","embeddable":true,"href":"https:\/\/primicias2262.com\/noticias\/wp-json\/wp\/v2\/categories?post=113473"},{"taxonomy":"post_tag","embeddable":true,"href":"https:\/\/primicias2262.com\/noticias\/wp-json\/wp\/v2\/tags?post=113473"}],"curies":[{"name":"wp","href":"https:\/\/api.w.org\/{rel}","templated":true}]}}