{"id":113560,"date":"2025-04-07T10:50:29","date_gmt":"2025-04-07T10:50:29","guid":{"rendered":"https:\/\/primicias2262.com\/noticias\/?p=113560"},"modified":"2025-04-07T16:55:09","modified_gmt":"2025-04-07T16:55:09","slug":"angeles-del-amor-y-onda-sabanera-le-pusieron-ritmo-al-116o-aniversario-de-juan-n-fernandez","status":"publish","type":"post","link":"https:\/\/primicias2262.com\/noticias\/angeles-del-amor-y-onda-sabanera-le-pusieron-ritmo-al-116o-aniversario-de-juan-n-fernandez\/","title":{"rendered":"\u00c1ngeles del Amor y Onda Sabanera le pusieron ritmo al 116\u00ba Aniversario de Juan N. Fern\u00e1ndez"},"content":{"rendered":"<p><strong>Con dos jornadas de variadas actividades y espect\u00e1culos, se realiz\u00f3 el festejo por el 116\u00ba Aniversario de la localidad de Juan N. Fern\u00e1ndez, que cont\u00f3 con el acompa\u00f1amiento del municipio y la afluencia de mucha gente del pueblo y de la zona.<\/strong><\/p>\n<p>Es por ello que el d\u00eda despu\u00e9s a las celebraciones, el delegado municipal de Juan N. Fern\u00e1ndez, Guillermo Schuenemann, asegur\u00f3 que \u201cel nuevo aniversario de nuestra localidad pas\u00f3 con gran \u00e9xito, el s\u00e1bado se cerr\u00f3 con un show muy lindo de \u00c1ngeles del Amor sobre el escenario con una gran convocatoria de gente que se vio desde temprano con el desfile y el corte de la torta\u201d.<\/p>\n<p>El funcionario valor\u00f3 que varios artistas como bailarines y cantantes locales y zonales pasaron por el escenario mayor, terminando con \u00c1ngeles del Amor -provenientes de Mar del Plata- el s\u00e1bado, y con Onda Sabanera el domingo.<\/p>\n<div id='gallery-1' class='gallery galleryid-113560 gallery-columns-2 gallery-size-medium'><figure class='gallery-item'>\n\t\t\t<div class='gallery-icon portrait'>\n\t\t\t\t<a href='https:\/\/primicias2262.com\/noticias\/angeles-del-amor-y-onda-sabanera-le-pusieron-ritmo-al-116o-aniversario-de-juan-n-fernandez\/angeles2\/'><img loading=\"lazy\" decoding=\"async\" width=\"225\" height=\"300\" src=\"https:\/\/primicias2262.com\/noticias\/wp-content\/uploads\/2025\/04\/Angeles2-225x300.jpeg\" class=\"attachment-medium size-medium\" alt=\"\" srcset=\"https:\/\/primicias2262.com\/noticias\/wp-content\/uploads\/2025\/04\/Angeles2-225x300.jpeg 225w, https:\/\/primicias2262.com\/noticias\/wp-content\/uploads\/2025\/04\/Angeles2-768x1024.jpeg 768w, https:\/\/primicias2262.com\/noticias\/wp-content\/uploads\/2025\/04\/Angeles2-1152x1536.jpeg 1152w, https:\/\/primicias2262.com\/noticias\/wp-content\/uploads\/2025\/04\/Angeles2-150x200.jpeg 150w, https:\/\/primicias2262.com\/noticias\/wp-content\/uploads\/2025\/04\/Angeles2-300x400.jpeg 300w, https:\/\/primicias2262.com\/noticias\/wp-content\/uploads\/2025\/04\/Angeles2-696x928.jpeg 696w, https:\/\/primicias2262.com\/noticias\/wp-content\/uploads\/2025\/04\/Angeles2-1068x1424.jpeg 1068w, https:\/\/primicias2262.com\/noticias\/wp-content\/uploads\/2025\/04\/Angeles2.jpeg 1200w\" sizes=\"auto, (max-width: 225px) 100vw, 225px\" \/><\/a>\n\t\t\t<\/div><\/figure><figure class='gallery-item'>\n\t\t\t<div class='gallery-icon portrait'>\n\t\t\t\t<a href='https:\/\/primicias2262.com\/noticias\/angeles-del-amor-y-onda-sabanera-le-pusieron-ritmo-al-116o-aniversario-de-juan-n-fernandez\/angeles\/'><img loading=\"lazy\" decoding=\"async\" width=\"225\" height=\"300\" src=\"https:\/\/primicias2262.com\/noticias\/wp-content\/uploads\/2025\/04\/Angeles-225x300.jpeg\" class=\"attachment-medium size-medium\" alt=\"\" srcset=\"https:\/\/primicias2262.com\/noticias\/wp-content\/uploads\/2025\/04\/Angeles-225x300.jpeg 225w, https:\/\/primicias2262.com\/noticias\/wp-content\/uploads\/2025\/04\/Angeles-768x1024.jpeg 768w, https:\/\/primicias2262.com\/noticias\/wp-content\/uploads\/2025\/04\/Angeles-1152x1536.jpeg 1152w, https:\/\/primicias2262.com\/noticias\/wp-content\/uploads\/2025\/04\/Angeles-150x200.jpeg 150w, https:\/\/primicias2262.com\/noticias\/wp-content\/uploads\/2025\/04\/Angeles-300x400.jpeg 300w, https:\/\/primicias2262.com\/noticias\/wp-content\/uploads\/2025\/04\/Angeles-696x928.jpeg 696w, https:\/\/primicias2262.com\/noticias\/wp-content\/uploads\/2025\/04\/Angeles-1068x1424.jpeg 1068w, https:\/\/primicias2262.com\/noticias\/wp-content\/uploads\/2025\/04\/Angeles.jpeg 1200w\" sizes=\"auto, (max-width: 225px) 100vw, 225px\" \/><\/a>\n\t\t\t<\/div><\/figure>\n\t\t<\/div>\n\n<p>Respecto a la segunda jornada, Schuenemann describi\u00f3 que \u201cel domingo se arranc\u00f3 temprano con distintos shows y la gran convocatoria se dio con la actuaci\u00f3n de Onda Sabanera, que por casi una hora y media dio un gran show y la gente lo disfrut\u00f3 mucho\u201d.<\/p>\n<p>\u201cSe dio un ambiente muy familiar, hemos tenido una nueva fiesta de las populares que tanto le gustan al pueblo, ha salido todo muy bien y en un marco de tranquilidad y compa\u00f1erismo\u201d, sintetiz\u00f3 para concluir.<\/p>\n<div id='gallery-2' class='gallery galleryid-113560 gallery-columns-2 gallery-size-medium'><figure class='gallery-item'>\n\t\t\t<div class='gallery-icon portrait'>\n\t\t\t\t<a href='https:\/\/primicias2262.com\/noticias\/angeles-del-amor-y-onda-sabanera-le-pusieron-ritmo-al-116o-aniversario-de-juan-n-fernandez\/foto-torta-jnf\/'><img loading=\"lazy\" decoding=\"async\" width=\"225\" height=\"300\" src=\"https:\/\/primicias2262.com\/noticias\/wp-content\/uploads\/2025\/04\/FOTO-torta-JNF-225x300.jpg\" class=\"attachment-medium size-medium\" alt=\"\" srcset=\"https:\/\/primicias2262.com\/noticias\/wp-content\/uploads\/2025\/04\/FOTO-torta-JNF-225x300.jpg 225w, https:\/\/primicias2262.com\/noticias\/wp-content\/uploads\/2025\/04\/FOTO-torta-JNF-768x1024.jpg 768w, https:\/\/primicias2262.com\/noticias\/wp-content\/uploads\/2025\/04\/FOTO-torta-JNF-150x200.jpg 150w, https:\/\/primicias2262.com\/noticias\/wp-content\/uploads\/2025\/04\/FOTO-torta-JNF-300x400.jpg 300w, https:\/\/primicias2262.com\/noticias\/wp-content\/uploads\/2025\/04\/FOTO-torta-JNF-696x928.jpg 696w, https:\/\/primicias2262.com\/noticias\/wp-content\/uploads\/2025\/04\/FOTO-torta-JNF-1068x1424.jpg 1068w, https:\/\/primicias2262.com\/noticias\/wp-content\/uploads\/2025\/04\/FOTO-torta-JNF.jpg 1125w\" sizes=\"auto, (max-width: 225px) 100vw, 225px\" \/><\/a>\n\t\t\t<\/div><\/figure><figure class='gallery-item'>\n\t\t\t<div class='gallery-icon portrait'>\n\t\t\t\t<a href='https:\/\/primicias2262.com\/noticias\/angeles-del-amor-y-onda-sabanera-le-pusieron-ritmo-al-116o-aniversario-de-juan-n-fernandez\/foto-desfile-jnf\/'><img loading=\"lazy\" decoding=\"async\" width=\"225\" height=\"300\" src=\"https:\/\/primicias2262.com\/noticias\/wp-content\/uploads\/2025\/04\/FOTO-Desfile-JNF-225x300.jpg\" class=\"attachment-medium size-medium\" alt=\"\" srcset=\"https:\/\/primicias2262.com\/noticias\/wp-content\/uploads\/2025\/04\/FOTO-Desfile-JNF-225x300.jpg 225w, https:\/\/primicias2262.com\/noticias\/wp-content\/uploads\/2025\/04\/FOTO-Desfile-JNF-768x1024.jpg 768w, https:\/\/primicias2262.com\/noticias\/wp-content\/uploads\/2025\/04\/FOTO-Desfile-JNF-150x200.jpg 150w, https:\/\/primicias2262.com\/noticias\/wp-content\/uploads\/2025\/04\/FOTO-Desfile-JNF-300x400.jpg 300w, https:\/\/primicias2262.com\/noticias\/wp-content\/uploads\/2025\/04\/FOTO-Desfile-JNF-696x928.jpg 696w, https:\/\/primicias2262.com\/noticias\/wp-content\/uploads\/2025\/04\/FOTO-Desfile-JNF-1068x1424.jpg 1068w, https:\/\/primicias2262.com\/noticias\/wp-content\/uploads\/2025\/04\/FOTO-Desfile-JNF.jpg 1125w\" sizes=\"auto, (max-width: 225px) 100vw, 225px\" \/><\/a>\n\t\t\t<\/div><\/figure>\n\t\t<\/div>\n\n","protected":false},"excerpt":{"rendered":"<p>Con dos jornadas de variadas actividades y espect\u00e1culos, se realiz\u00f3 el festejo por el 116\u00ba Aniversario de la localidad de Juan N. Fern\u00e1ndez, que cont\u00f3 con el acompa\u00f1amiento del municipio y la afluencia de mucha gente del pueblo y de la zona. Es por ello que el d\u00eda despu\u00e9s a las celebraciones, el delegado municipal [&hellip;]<\/p>\n","protected":false},"author":3,"featured_media":113561,"comment_status":"open","ping_status":"open","sticky":false,"template":"","format":"standard","meta":{"footnotes":""},"categories":[5],"tags":[],"class_list":{"0":"post-113560","1":"post","2":"type-post","3":"status-publish","4":"format-standard","5":"has-post-thumbnail","7":"category-neco"},"_links":{"self":[{"href":"https:\/\/primicias2262.com\/noticias\/wp-json\/wp\/v2\/posts\/113560","targetHints":{"allow":["GET"]}}],"collection":[{"href":"https:\/\/primicias2262.com\/noticias\/wp-json\/wp\/v2\/posts"}],"about":[{"href":"https:\/\/primicias2262.com\/noticias\/wp-json\/wp\/v2\/types\/post"}],"author":[{"embeddable":true,"href":"https:\/\/primicias2262.com\/noticias\/wp-json\/wp\/v2\/users\/3"}],"replies":[{"embeddable":true,"href":"https:\/\/primicias2262.com\/noticias\/wp-json\/wp\/v2\/comments?post=113560"}],"version-history":[{"count":2,"href":"https:\/\/primicias2262.com\/noticias\/wp-json\/wp\/v2\/posts\/113560\/revisions"}],"predecessor-version":[{"id":113567,"href":"https:\/\/primicias2262.com\/noticias\/wp-json\/wp\/v2\/posts\/113560\/revisions\/113567"}],"wp:featuredmedia":[{"embeddable":true,"href":"https:\/\/primicias2262.com\/noticias\/wp-json\/wp\/v2\/media\/113561"}],"wp:attachment":[{"href":"https:\/\/primicias2262.com\/noticias\/wp-json\/wp\/v2\/media?parent=113560"}],"wp:term":[{"taxonomy":"category","embeddable":true,"href":"https:\/\/primicias2262.com\/noticias\/wp-json\/wp\/v2\/categories?post=113560"},{"taxonomy":"post_tag","embeddable":true,"href":"https:\/\/primicias2262.com\/noticias\/wp-json\/wp\/v2\/tags?post=113560"}],"curies":[{"name":"wp","href":"https:\/\/api.w.org\/{rel}","templated":true}]}}