{"id":113615,"date":"2025-04-10T15:59:56","date_gmt":"2025-04-10T15:59:56","guid":{"rendered":"https:\/\/primicias2262.com\/noticias\/?p=113615"},"modified":"2025-04-10T15:59:56","modified_gmt":"2025-04-10T15:59:56","slug":"hoy-tenemos-una-plaza-del-centro-accesible-para-todas-las-personas","status":"publish","type":"post","link":"https:\/\/primicias2262.com\/noticias\/hoy-tenemos-una-plaza-del-centro-accesible-para-todas-las-personas\/","title":{"rendered":"\u201cHoy tenemos una plaza del centro accesible para todas las personas\u201d"},"content":{"rendered":"<p><strong>As\u00ed lo destac\u00f3 Secretario de Planeamiento, Obras y Servicios P\u00fablicos, Juan Manuel De La Calle, quien dialog\u00f3 con el periodista Jorge G\u00f3mez, en el marco del programa Voces de la Ciudad que se emite a trav\u00e9s de Estaci\u00f3n FREE, 90.3 en FM.<\/strong><\/p>\n<p>El funcionario destac\u00f3 que con fondos municipales no solo se logra mantener la Plaza Dardo Rocha en condiciones, sino que se proyecta una mejora en otras tres plazas como la Scou de Necochea, y la \u201cHip\u00f3lito Yrigoyen\u201d y la \u201cDe los Ni\u00f1os\u201d de Quequ\u00e9n.<\/p>\n<p>Pero al puntualizar en la plaza Rocha de Necochea, manifest\u00f3 que \u201ces un punto de encuentro de much\u00edsima gente, chicos, grandes, y m\u00e1s con esta din\u00e1mica de cerrar al tr\u00e1nsito los fines de semana, se ha hecho muy concurrido y es un paseo muy seguro\u201d.<\/p>\n<p>De La Calle indic\u00f3 que \u201cse ha ampliado la visita al sector de juegos, a partir de ah\u00ed los juegos tienen un uso muy grande y continuo y necesitan mantenimiento, as\u00ed que los estamos renovando con pintura y arreglo de hamacas. El uso continuo demanda un desgaste y hay que mantenerlo\u201d.<\/p>\n<p>En ese sentido, revel\u00f3 que \u201ctenemos cuatro personas estables de lunes a viernes que trabajan en el mantenimiento de la plaza, le prestamos mucha atenci\u00f3n porque es el lugar de encuentro de la ciudad, no solo en las fiestas populares sino todas las semanas, y la realidad es que tenemos una plaza que es la envidia de algunas ciudades de alrededor\u201d.<\/p>\n<p>El Secretario apunt\u00f3 adem\u00e1s a que todas las edades tienen su lugar en com\u00fan en la plaza central. \u201cHoy tenemos una plaza accesible para todas las personas, de hecho tambi\u00e9n estamos trabajando sobre la plazoleta de 59 entre 56 y 58, dando una mejor accesibilidad para personas mayores y con movilidad reducida. Se levantaron las veredas y se est\u00e1n arreglando los caminos\u201d, apunt\u00f3.<\/p>\n<p>En cuanto al sector de los juegos, De La Calle mencion\u00f3 que \u201cllamamos tambi\u00e9n un poco a tomar conciencia sobre el uso de los juegos adaptados, que son para chicos con discapacidad, el objetivo es que sean utilizados exclusivamente por ellos\u201d.<\/p>\n<p>Finalmente, anticip\u00f3 que \u201cestamos con un proyecto de mejoras para otros tres de estos espacios: en Plaza de los Ni\u00f1os, Plaza Scout y la Hip\u00f3lito Yrigoyen, tambi\u00e9n con mejoras en los juegos, nueva iluminaci\u00f3n y renovaci\u00f3n de caminos. La intenci\u00f3n es darle valor a las plazas, que son puntos de encuentro\u201d.<\/p>\n","protected":false},"excerpt":{"rendered":"<p>As\u00ed lo destac\u00f3 Secretario de Planeamiento, Obras y Servicios P\u00fablicos, Juan Manuel De La Calle, quien dialog\u00f3 con el periodista Jorge G\u00f3mez, en el marco del programa Voces de la Ciudad que se emite a trav\u00e9s de Estaci\u00f3n FREE, 90.3 en FM. El funcionario destac\u00f3 que con fondos municipales no solo se logra mantener la [&hellip;]<\/p>\n","protected":false},"author":3,"featured_media":113295,"comment_status":"open","ping_status":"open","sticky":false,"template":"","format":"standard","meta":{"footnotes":""},"categories":[5],"tags":[],"class_list":{"0":"post-113615","1":"post","2":"type-post","3":"status-publish","4":"format-standard","5":"has-post-thumbnail","7":"category-neco"},"_links":{"self":[{"href":"https:\/\/primicias2262.com\/noticias\/wp-json\/wp\/v2\/posts\/113615","targetHints":{"allow":["GET"]}}],"collection":[{"href":"https:\/\/primicias2262.com\/noticias\/wp-json\/wp\/v2\/posts"}],"about":[{"href":"https:\/\/primicias2262.com\/noticias\/wp-json\/wp\/v2\/types\/post"}],"author":[{"embeddable":true,"href":"https:\/\/primicias2262.com\/noticias\/wp-json\/wp\/v2\/users\/3"}],"replies":[{"embeddable":true,"href":"https:\/\/primicias2262.com\/noticias\/wp-json\/wp\/v2\/comments?post=113615"}],"version-history":[{"count":1,"href":"https:\/\/primicias2262.com\/noticias\/wp-json\/wp\/v2\/posts\/113615\/revisions"}],"predecessor-version":[{"id":113616,"href":"https:\/\/primicias2262.com\/noticias\/wp-json\/wp\/v2\/posts\/113615\/revisions\/113616"}],"wp:featuredmedia":[{"embeddable":true,"href":"https:\/\/primicias2262.com\/noticias\/wp-json\/wp\/v2\/media\/113295"}],"wp:attachment":[{"href":"https:\/\/primicias2262.com\/noticias\/wp-json\/wp\/v2\/media?parent=113615"}],"wp:term":[{"taxonomy":"category","embeddable":true,"href":"https:\/\/primicias2262.com\/noticias\/wp-json\/wp\/v2\/categories?post=113615"},{"taxonomy":"post_tag","embeddable":true,"href":"https:\/\/primicias2262.com\/noticias\/wp-json\/wp\/v2\/tags?post=113615"}],"curies":[{"name":"wp","href":"https:\/\/api.w.org\/{rel}","templated":true}]}}