{"id":113639,"date":"2025-04-15T13:01:11","date_gmt":"2025-04-15T13:01:11","guid":{"rendered":"https:\/\/primicias2262.com\/noticias\/?p=113639"},"modified":"2025-04-15T13:01:11","modified_gmt":"2025-04-15T13:01:11","slug":"reunion-junto-a-autoridades-de-la-usina-para-abordar-problematicas-del-alumbrado-en-quequen","status":"publish","type":"post","link":"https:\/\/primicias2262.com\/noticias\/reunion-junto-a-autoridades-de-la-usina-para-abordar-problematicas-del-alumbrado-en-quequen\/","title":{"rendered":"Reuni\u00f3n junto a autoridades de la Usina para abordar problem\u00e1ticas del alumbrado en Quequ\u00e9n"},"content":{"rendered":"<p><strong>El delegado municipal Mario Wilgenhoff recibi\u00f3 al presidente de la UPC, C\u00e9sar Arrieta, y dem\u00e1s miembros del Consejo de Administraci\u00f3n.<\/strong><\/p>\n<p>Esta semana se llev\u00f3 a cabo un encuentro entre el delegado municipal de Quequ\u00e9n, Mario Wilgenhoff, y autoridades de la Usina Popular Cooperativa, con el fin de abordar las problem\u00e1ticas m\u00e1s urgentes del alumbrado p\u00fablico en la ciudad.<\/p>\n<p>La reuni\u00f3n se dio en la Delegaci\u00f3n Municipal quequenense y Wilgenhoff destac\u00f3 que \u201crecib\u00ed la visita del presidente del Consejo de Administraci\u00f3n de la UPC, C\u00e9sar Arrieta, junto con miembros del Consejo, donde la idea era explicarles cu\u00e1l es la problem\u00e1tica que tenemos en Quequ\u00e9n con el tema del alumbrado\u201d.<\/p>\n<p>El funcionario agradeci\u00f3 que \u201cescucharon atentamente y quedamos en pasarles los lugares m\u00e1s urgentes y con mayor frecuencia de reclamos para que puedan ser solucionados lo antes posible\u201d, por lo que defini\u00f3 que \u201cfue una reuni\u00f3n productiva\u201d.<\/p>\n<audio class=\"wp-audio-shortcode\" id=\"audio-113639-1\" preload=\"none\" style=\"width: 100%;\" controls=\"controls\"><source type=\"audio\/mpeg\" src=\"https:\/\/primicias2262.com\/noticias\/wp-content\/uploads\/2025\/04\/15-04-AUDIO-Mario-Wilgenhoff.mp3?_=1\" \/><a href=\"https:\/\/primicias2262.com\/noticias\/wp-content\/uploads\/2025\/04\/15-04-AUDIO-Mario-Wilgenhoff.mp3\">https:\/\/primicias2262.com\/noticias\/wp-content\/uploads\/2025\/04\/15-04-AUDIO-Mario-Wilgenhoff.mp3<\/a><\/audio>\n<p>A nivel general, el delegado resalt\u00f3 que \u201cse lleva adelante una inversi\u00f3n importante por parte de la Municipalidad en luminarias para poder empezar a cambiar en lugares donde hay mucha demanda y donde a\u00fan hay mercurio y sodio\u201d.<\/p>\n<p>\u201cPoder poner iluminaci\u00f3n Led no solo cambia la imagen sino que representa un ahorro, es luz fr\u00eda y no necesita de los equipos antiguos que requer\u00edan las luminarias de mercurio y sodio, as\u00ed que es importante articular con la Usina para poder avanzar para que cada d\u00eda la ciudad, los ingresos y todo lo inherente al alumbrado pueda estar restablecido\u201d, concluy\u00f3.<\/p>\n","protected":false},"excerpt":{"rendered":"<p>El delegado municipal Mario Wilgenhoff recibi\u00f3 al presidente de la UPC, C\u00e9sar Arrieta, y dem\u00e1s miembros del Consejo de Administraci\u00f3n. Esta semana se llev\u00f3 a cabo un encuentro entre el delegado municipal de Quequ\u00e9n, Mario Wilgenhoff, y autoridades de la Usina Popular Cooperativa, con el fin de abordar las problem\u00e1ticas m\u00e1s urgentes del alumbrado p\u00fablico [&hellip;]<\/p>\n","protected":false},"author":3,"featured_media":113641,"comment_status":"open","ping_status":"open","sticky":false,"template":"","format":"standard","meta":{"footnotes":""},"categories":[5],"tags":[],"class_list":{"0":"post-113639","1":"post","2":"type-post","3":"status-publish","4":"format-standard","5":"has-post-thumbnail","7":"category-neco"},"_links":{"self":[{"href":"https:\/\/primicias2262.com\/noticias\/wp-json\/wp\/v2\/posts\/113639","targetHints":{"allow":["GET"]}}],"collection":[{"href":"https:\/\/primicias2262.com\/noticias\/wp-json\/wp\/v2\/posts"}],"about":[{"href":"https:\/\/primicias2262.com\/noticias\/wp-json\/wp\/v2\/types\/post"}],"author":[{"embeddable":true,"href":"https:\/\/primicias2262.com\/noticias\/wp-json\/wp\/v2\/users\/3"}],"replies":[{"embeddable":true,"href":"https:\/\/primicias2262.com\/noticias\/wp-json\/wp\/v2\/comments?post=113639"}],"version-history":[{"count":1,"href":"https:\/\/primicias2262.com\/noticias\/wp-json\/wp\/v2\/posts\/113639\/revisions"}],"predecessor-version":[{"id":113642,"href":"https:\/\/primicias2262.com\/noticias\/wp-json\/wp\/v2\/posts\/113639\/revisions\/113642"}],"wp:featuredmedia":[{"embeddable":true,"href":"https:\/\/primicias2262.com\/noticias\/wp-json\/wp\/v2\/media\/113641"}],"wp:attachment":[{"href":"https:\/\/primicias2262.com\/noticias\/wp-json\/wp\/v2\/media?parent=113639"}],"wp:term":[{"taxonomy":"category","embeddable":true,"href":"https:\/\/primicias2262.com\/noticias\/wp-json\/wp\/v2\/categories?post=113639"},{"taxonomy":"post_tag","embeddable":true,"href":"https:\/\/primicias2262.com\/noticias\/wp-json\/wp\/v2\/tags?post=113639"}],"curies":[{"name":"wp","href":"https:\/\/api.w.org\/{rel}","templated":true}]}}