{"id":113728,"date":"2025-04-22T14:29:49","date_gmt":"2025-04-22T14:29:49","guid":{"rendered":"https:\/\/primicias2262.com\/noticias\/?p=113728"},"modified":"2025-04-22T14:29:49","modified_gmt":"2025-04-22T14:29:49","slug":"amigos-del-paraje-las-cascadas-dejo-de-funcionar-y-se-despidio-con-importante-donacion-al-hospital","status":"publish","type":"post","link":"https:\/\/primicias2262.com\/noticias\/amigos-del-paraje-las-cascadas-dejo-de-funcionar-y-se-despidio-con-importante-donacion-al-hospital\/","title":{"rendered":"\u201cAmigos del Paraje Las Cascadas\u201d dej\u00f3 de funcionar y se despidi\u00f3 con importante donaci\u00f3n al hospital"},"content":{"rendered":"<p><strong>Quien era el presidente de la asociaci\u00f3n que ha dejado de ser tal, Carlos Kelly, dialog\u00f3 con el periodista Jorge G\u00f3mez, en el marco del programa Voces de la Ciudad que se emite a trav\u00e9s de Estaci\u00f3n FREE, 90.3 en FM, donde detall\u00f3 los motivos del adi\u00f3s y el importante aporte final a la Cooperadora del Hospital Ferreyra.<\/strong><\/p>\n<p>Kelly describi\u00f3 que \u201chemos dejado la Asociaci\u00f3n Amigos Paraje de Las Cascadas y la hemos entregado al municipio, aunque no as\u00ed el personal que ten\u00edamos all\u00e1, ya que el municipio har\u00e1 alg\u00fan contrato para que sigan as\u00ed no hay abandono en el lugar, pero la asociaci\u00f3n dej\u00f3 de ser concesionaria\u201d.<\/p>\n<p>\u201cEl motivo principal es que tenemos poca colaboraci\u00f3n para la comisi\u00f3n, pr\u00e1cticamente estaba solo, algunos compa\u00f1eros conmigo\u2026 pero la verdad es que me cans\u00e9, descuidaba mucho mi trabajo particular\u201d, argument\u00f3 Kelly, quien estuvo 14 a\u00f1os en la instituci\u00f3n. \u201cLas Cascadas es algo que me tira mucho, pero con dolor lo tengo que dejar\u2026 hay cada vez menos gente que quiera trabajar a beneficio\u201d, acot\u00f3.<\/p>\n<p>De todas maneras, Carlos se despidi\u00f3 de la asociaci\u00f3n con una buena noticia. \u201cEn el balance final ten\u00edamos un dinero ahorrado y decidimos comprar elementos para el Hospital Municipal. Le preguntamos a la presidenta de la Cooperadora, Marta, y compramos tres chalecos para el sector de Tomograf\u00eda, dos ventiladores a Oncolog\u00eda y cuatro sillas reforzadas para la Guardia pedi\u00e1trica, por un monto de 1.350.000 pesos\u201d.<\/p>\n","protected":false},"excerpt":{"rendered":"<p>Quien era el presidente de la asociaci\u00f3n que ha dejado de ser tal, Carlos Kelly, dialog\u00f3 con el periodista Jorge G\u00f3mez, en el marco del programa Voces de la Ciudad que se emite a trav\u00e9s de Estaci\u00f3n FREE, 90.3 en FM, donde detall\u00f3 los motivos del adi\u00f3s y el importante aporte final a la Cooperadora [&hellip;]<\/p>\n","protected":false},"author":3,"featured_media":113730,"comment_status":"open","ping_status":"open","sticky":false,"template":"","format":"standard","meta":{"footnotes":""},"categories":[5],"tags":[],"class_list":{"0":"post-113728","1":"post","2":"type-post","3":"status-publish","4":"format-standard","5":"has-post-thumbnail","7":"category-neco"},"_links":{"self":[{"href":"https:\/\/primicias2262.com\/noticias\/wp-json\/wp\/v2\/posts\/113728","targetHints":{"allow":["GET"]}}],"collection":[{"href":"https:\/\/primicias2262.com\/noticias\/wp-json\/wp\/v2\/posts"}],"about":[{"href":"https:\/\/primicias2262.com\/noticias\/wp-json\/wp\/v2\/types\/post"}],"author":[{"embeddable":true,"href":"https:\/\/primicias2262.com\/noticias\/wp-json\/wp\/v2\/users\/3"}],"replies":[{"embeddable":true,"href":"https:\/\/primicias2262.com\/noticias\/wp-json\/wp\/v2\/comments?post=113728"}],"version-history":[{"count":1,"href":"https:\/\/primicias2262.com\/noticias\/wp-json\/wp\/v2\/posts\/113728\/revisions"}],"predecessor-version":[{"id":113731,"href":"https:\/\/primicias2262.com\/noticias\/wp-json\/wp\/v2\/posts\/113728\/revisions\/113731"}],"wp:featuredmedia":[{"embeddable":true,"href":"https:\/\/primicias2262.com\/noticias\/wp-json\/wp\/v2\/media\/113730"}],"wp:attachment":[{"href":"https:\/\/primicias2262.com\/noticias\/wp-json\/wp\/v2\/media?parent=113728"}],"wp:term":[{"taxonomy":"category","embeddable":true,"href":"https:\/\/primicias2262.com\/noticias\/wp-json\/wp\/v2\/categories?post=113728"},{"taxonomy":"post_tag","embeddable":true,"href":"https:\/\/primicias2262.com\/noticias\/wp-json\/wp\/v2\/tags?post=113728"}],"curies":[{"name":"wp","href":"https:\/\/api.w.org\/{rel}","templated":true}]}}