{"id":113867,"date":"2025-05-01T14:55:41","date_gmt":"2025-05-01T14:55:41","guid":{"rendered":"https:\/\/primicias2262.com\/noticias\/?p=113867"},"modified":"2025-04-30T16:57:13","modified_gmt":"2025-04-30T16:57:13","slug":"obra-del-tomografo-completar-la-venta-de-rifas-es-lo-que-nos-falta-para-coronar","status":"publish","type":"post","link":"https:\/\/primicias2262.com\/noticias\/obra-del-tomografo-completar-la-venta-de-rifas-es-lo-que-nos-falta-para-coronar\/","title":{"rendered":"Obra del tom\u00f3grafo: \u201cCompletar la venta de rifas es lo que nos falta para coronar\u201d"},"content":{"rendered":"<p><strong>As\u00ed lo se\u00f1alaron Marta Rold\u00e1n y Cristina Ag\u00fcero de la Cooperadora del Hospital Municipal.<\/strong><\/p>\n<p>Quienes dialogaron con el periodista Jorge G\u00f3mez, en el marco del programa Voces de la Ciudad que se emite a trav\u00e9s de Estaci\u00f3n FREE, 90.3 en FM, destacaron las m\u00faltiples ayudas y eventos solidarios que han aportado a la causa.<\/p>\n<p>\u201cEsto lo hizo la comunidad\u201d, afirm\u00f3 la presidenta Marta Rold\u00e1n de Iriberri, quien agreg\u00f3 que \u201cnos parece mentira, estamos m\u00e1s relajadas, nos sale una sonrisa y un gracias desde nuestro coraz\u00f3n, que representa a todo la cooperadora\u201d.<\/p>\n<p>La titular de la entidad rememor\u00f3 que \u201cnos han ayudado todos, desde jubilados, hasta colegios, empresas y asociaciones, como por ejemplo la Sociedad Espa\u00f1ola que nos est\u00e1 ayudando con una venta de rifas, que es lo que nos falta para coronar. Quedan 16 talonarios de 20 rifas. Cada rifa sale 105.000 pesos al contado, nos quedan solo dos meses para venderlas\u201d.<\/p>\n<p>Por su parte, la secretaria de la cooperadora, Cristina Ag\u00fcero, inform\u00f3 que \u201cla rifa se sortea el 28 de junio, hay que acercarle la documentaci\u00f3n al escribano para que prepare el sorteo. Quedan 320 n\u00fameros, de 1500 que salieron a la venta para la obra civil del tom\u00f3grafo y la obra de im\u00e1genes\u201d, resalt\u00f3 con entusiasmo.<\/p>\n<p><a href=\"https:\/\/primicias2262.com\/noticias\/wp-content\/uploads\/2025\/04\/cristina-aguero.jpeg\"><img loading=\"lazy\" decoding=\"async\" class=\"aligncenter size-full wp-image-113868\" src=\"https:\/\/primicias2262.com\/noticias\/wp-content\/uploads\/2025\/04\/cristina-aguero.jpeg\" alt=\"\" width=\"960\" height=\"1280\" srcset=\"https:\/\/primicias2262.com\/noticias\/wp-content\/uploads\/2025\/04\/cristina-aguero.jpeg 960w, https:\/\/primicias2262.com\/noticias\/wp-content\/uploads\/2025\/04\/cristina-aguero-225x300.jpeg 225w, https:\/\/primicias2262.com\/noticias\/wp-content\/uploads\/2025\/04\/cristina-aguero-768x1024.jpeg 768w, https:\/\/primicias2262.com\/noticias\/wp-content\/uploads\/2025\/04\/cristina-aguero-150x200.jpeg 150w, https:\/\/primicias2262.com\/noticias\/wp-content\/uploads\/2025\/04\/cristina-aguero-300x400.jpeg 300w, https:\/\/primicias2262.com\/noticias\/wp-content\/uploads\/2025\/04\/cristina-aguero-696x928.jpeg 696w\" sizes=\"auto, (max-width: 960px) 100vw, 960px\" \/><\/a><\/p>\n","protected":false},"excerpt":{"rendered":"<p>As\u00ed lo se\u00f1alaron Marta Rold\u00e1n y Cristina Ag\u00fcero de la Cooperadora del Hospital Municipal. Quienes dialogaron con el periodista Jorge G\u00f3mez, en el marco del programa Voces de la Ciudad que se emite a trav\u00e9s de Estaci\u00f3n FREE, 90.3 en FM, destacaron las m\u00faltiples ayudas y eventos solidarios que han aportado a la causa. \u201cEsto [&hellip;]<\/p>\n","protected":false},"author":3,"featured_media":113869,"comment_status":"open","ping_status":"open","sticky":false,"template":"","format":"standard","meta":{"footnotes":""},"categories":[5],"tags":[],"class_list":{"0":"post-113867","1":"post","2":"type-post","3":"status-publish","4":"format-standard","5":"has-post-thumbnail","7":"category-neco"},"_links":{"self":[{"href":"https:\/\/primicias2262.com\/noticias\/wp-json\/wp\/v2\/posts\/113867","targetHints":{"allow":["GET"]}}],"collection":[{"href":"https:\/\/primicias2262.com\/noticias\/wp-json\/wp\/v2\/posts"}],"about":[{"href":"https:\/\/primicias2262.com\/noticias\/wp-json\/wp\/v2\/types\/post"}],"author":[{"embeddable":true,"href":"https:\/\/primicias2262.com\/noticias\/wp-json\/wp\/v2\/users\/3"}],"replies":[{"embeddable":true,"href":"https:\/\/primicias2262.com\/noticias\/wp-json\/wp\/v2\/comments?post=113867"}],"version-history":[{"count":1,"href":"https:\/\/primicias2262.com\/noticias\/wp-json\/wp\/v2\/posts\/113867\/revisions"}],"predecessor-version":[{"id":113870,"href":"https:\/\/primicias2262.com\/noticias\/wp-json\/wp\/v2\/posts\/113867\/revisions\/113870"}],"wp:featuredmedia":[{"embeddable":true,"href":"https:\/\/primicias2262.com\/noticias\/wp-json\/wp\/v2\/media\/113869"}],"wp:attachment":[{"href":"https:\/\/primicias2262.com\/noticias\/wp-json\/wp\/v2\/media?parent=113867"}],"wp:term":[{"taxonomy":"category","embeddable":true,"href":"https:\/\/primicias2262.com\/noticias\/wp-json\/wp\/v2\/categories?post=113867"},{"taxonomy":"post_tag","embeddable":true,"href":"https:\/\/primicias2262.com\/noticias\/wp-json\/wp\/v2\/tags?post=113867"}],"curies":[{"name":"wp","href":"https:\/\/api.w.org\/{rel}","templated":true}]}}