{"id":113991,"date":"2025-05-08T17:35:25","date_gmt":"2025-05-08T17:35:25","guid":{"rendered":"https:\/\/primicias2262.com\/noticias\/?p=113991"},"modified":"2025-05-08T17:35:25","modified_gmt":"2025-05-08T17:35:25","slug":"el-nuevo-papa-es-el-estadounidense-robert-francis-prevost-y-se-llama-leon-xiv","status":"publish","type":"post","link":"https:\/\/primicias2262.com\/noticias\/el-nuevo-papa-es-el-estadounidense-robert-francis-prevost-y-se-llama-leon-xiv\/","title":{"rendered":"El nuevo papa es el estadounidense Robert Francis Prevost y se llama Le\u00f3n XIV"},"content":{"rendered":"<div class=\"article-body\" data-tadevel-template=\"web\/article-body\">\n<div class=\"article-body-content\">\n<p><strong>Robert Francis Prevost Mart\u00ednez<\/strong>, cardenal estadounidense de 69 a\u00f1os, fue elegido hoy como el <strong>nuevo papa<\/strong> en el c\u00f3nclave celebrado en la Capilla Sixtina, sucediendo a Francisco tras una jornada hist\u00f3rica de deliberaciones.<\/p>\n<p>El anuncio oficial fue realizado por el cardenal protodi\u00e1cono Dominique Mamberti desde el balc\u00f3n central de la bas\u00edlica de San Pedro, ante una multitud de fieles que colm\u00f3 la plaza del Vaticano. Luego de la fumata blanca y el repique de las campanas, Mamberti pronunci\u00f3 la tradicional f\u00f3rmula en lat\u00edn: <strong>\u201cHabemus papam\u201d<\/strong>.<\/p>\n<p>Prevost es el primer papa originario de los Estados Unidos en la historia de la Iglesia. Nacido en Chicago en 1955, fue nombrado cardenal por el propio Francisco en 2023 y se desempe\u00f1aba como prefecto del Dicasterio para los Obispos en el Vaticano. Su elecci\u00f3n representa una se\u00f1al de continuidad con la l\u00ednea reformista del pontificado anterior, aunque con una impronta pastoral enfocada en el continente americano.<\/p>\n<p>Durante su primer saludo, el nuevo papa \u2014que a\u00fan no dio a conocer el nombre papal elegido\u2014 dirigi\u00f3 una bendici\u00f3n \u201c<strong>urbi et orbi<\/strong>\u201d (a la ciudad y al mundo), acompa\u00f1ado de un llamado a la unidad, la paz y la justicia social.<\/p>\n<p>En los pr\u00f3ximos d\u00edas se celebrar\u00e1 la misa de inicio de pontificado, a la que asistir\u00e1n l\u00edderes pol\u00edticos y religiosos de todo el mundo. La comunidad internacional y la Iglesia cat\u00f3lica global esperan conocer m\u00e1s detalles sobre las prioridades que marcar\u00e1n esta nueva etapa.<\/p>\n<\/div>\n<\/div>\n","protected":false},"excerpt":{"rendered":"<p>Robert Francis Prevost Mart\u00ednez, cardenal estadounidense de 69 a\u00f1os, fue elegido hoy como el nuevo papa en el c\u00f3nclave celebrado en la Capilla Sixtina, sucediendo a Francisco tras una jornada hist\u00f3rica de deliberaciones. El anuncio oficial fue realizado por el cardenal protodi\u00e1cono Dominique Mamberti desde el balc\u00f3n central de la bas\u00edlica de San Pedro, ante [&hellip;]<\/p>\n","protected":false},"author":3,"featured_media":113992,"comment_status":"open","ping_status":"open","sticky":false,"template":"","format":"standard","meta":{"footnotes":""},"categories":[6],"tags":[],"class_list":{"0":"post-113991","1":"post","2":"type-post","3":"status-publish","4":"format-standard","5":"has-post-thumbnail","7":"category-portada2"},"_links":{"self":[{"href":"https:\/\/primicias2262.com\/noticias\/wp-json\/wp\/v2\/posts\/113991","targetHints":{"allow":["GET"]}}],"collection":[{"href":"https:\/\/primicias2262.com\/noticias\/wp-json\/wp\/v2\/posts"}],"about":[{"href":"https:\/\/primicias2262.com\/noticias\/wp-json\/wp\/v2\/types\/post"}],"author":[{"embeddable":true,"href":"https:\/\/primicias2262.com\/noticias\/wp-json\/wp\/v2\/users\/3"}],"replies":[{"embeddable":true,"href":"https:\/\/primicias2262.com\/noticias\/wp-json\/wp\/v2\/comments?post=113991"}],"version-history":[{"count":1,"href":"https:\/\/primicias2262.com\/noticias\/wp-json\/wp\/v2\/posts\/113991\/revisions"}],"predecessor-version":[{"id":113993,"href":"https:\/\/primicias2262.com\/noticias\/wp-json\/wp\/v2\/posts\/113991\/revisions\/113993"}],"wp:featuredmedia":[{"embeddable":true,"href":"https:\/\/primicias2262.com\/noticias\/wp-json\/wp\/v2\/media\/113992"}],"wp:attachment":[{"href":"https:\/\/primicias2262.com\/noticias\/wp-json\/wp\/v2\/media?parent=113991"}],"wp:term":[{"taxonomy":"category","embeddable":true,"href":"https:\/\/primicias2262.com\/noticias\/wp-json\/wp\/v2\/categories?post=113991"},{"taxonomy":"post_tag","embeddable":true,"href":"https:\/\/primicias2262.com\/noticias\/wp-json\/wp\/v2\/tags?post=113991"}],"curies":[{"name":"wp","href":"https:\/\/api.w.org\/{rel}","templated":true}]}}