{"id":114410,"date":"2025-06-02T12:47:30","date_gmt":"2025-06-02T12:47:30","guid":{"rendered":"https:\/\/primicias2262.com\/noticias\/?p=114410"},"modified":"2025-06-02T12:47:30","modified_gmt":"2025-06-02T12:47:30","slug":"el-gobierno-nacional-esta-interviniendo-el-inta-y-nos-llama-la-atencion-el-nivel-de-agresividad-que-tienen","status":"publish","type":"post","link":"https:\/\/primicias2262.com\/noticias\/el-gobierno-nacional-esta-interviniendo-el-inta-y-nos-llama-la-atencion-el-nivel-de-agresividad-que-tienen\/","title":{"rendered":"\u201cEl gobierno nacional est\u00e1 interviniendo el INTA y nos llama la atenci\u00f3n el nivel de agresividad que tienen\u201d"},"content":{"rendered":"<p><strong>As\u00ed lo expres\u00f3 el secretario general de APINTA, que nuclea a los trabajadores del INTA, Leandro Cambareri, quien expuso la preocupante situaci\u00f3n del sector en di\u00e1logo con el periodista Jorge G\u00f3mez, en el marco del programa Voces de la Ciudad que se emite a trav\u00e9s de Estaci\u00f3n FREE, 90.3 en FM.<\/strong><\/p>\n<p>Ante la posibilidad de cierre de algunas oficinas del INTA y reducci\u00f3n de personal por parte del gobierno nacional, Cambareri inform\u00f3 que \u201cdesde el a\u00f1o pasado venimos con embates del gobierno nacional que se ha involucrado directamente con todos los sectores y m\u00e1s con la ciencia y tecnolog\u00eda. El INTA es uno de los organismos m\u00e1s importantes en ese sentido, con todo el desarrollo tecnol\u00f3gico agropecuario, por ejemplo, INTA Balcarce toma todo el sudeste bonaerense y abarca 10 municipios, y a nivel nacional est\u00e1 representado de forma muy presente\u201d.<\/p>\n<p>Pero desde 2024 \u201ccon el gobierno nacional venimos sufriendo retiros voluntarios, que ah\u00ed se nos fueron alrededor de 350 trabajadores, y ahora lo que plantea el gobierno es desarmar el \u00f3rgano hist\u00f3rico de gobernanza, creado por ley en el INTA, meterse de lleno con el Consejo Directivo nacional, impactando fuertemente en el sector productivo\u201d, se\u00f1al\u00f3.<\/p>\n<p>Cambareri explic\u00f3 que \u201cel gobierno quiere modificar eso, bajar a ocho la cantidad de consejeros y sacar diferentes representantes, y sumar a uno del gobierno nacional, quedando con mayor\u00eda el gobierno a la hora de las votaciones, y as\u00ed llevar a cabo el plan que quiere, que es que 70 mil hect\u00e1reas de tierra vayan a la venta, como as\u00ed la venta de edificios y poner en disponibilidad a 1500 investigadores y t\u00e9cnicos\u201d.<\/p>\n<p>\u201cEs una pena lo que est\u00e1 sucediendo, dicen que el decreto podr\u00eda salir la semana que viene y desde lo gremial se plantea la parte judicial, llevarlo a la Justicia, porque b\u00e1sicamente esto es una intervenci\u00f3n\u201d, resalt\u00f3 Leandro.<\/p>\n<p>Para concluir, expuso con angustia que \u201cnosotros no estamos acostumbrados a pasar este tipo de situaci\u00f3n y es horrible el estado de \u00e1nimo de los trabajadores. Nos llama poderosamente la atenci\u00f3n el nivel de agresividad, desconocimiento y malicia que manejan desde el gobierno nacional\u201d.<\/p>\n","protected":false},"excerpt":{"rendered":"<p>As\u00ed lo expres\u00f3 el secretario general de APINTA, que nuclea a los trabajadores del INTA, Leandro Cambareri, quien expuso la preocupante situaci\u00f3n del sector en di\u00e1logo con el periodista Jorge G\u00f3mez, en el marco del programa Voces de la Ciudad que se emite a trav\u00e9s de Estaci\u00f3n FREE, 90.3 en FM. Ante la posibilidad de [&hellip;]<\/p>\n","protected":false},"author":3,"featured_media":114411,"comment_status":"open","ping_status":"open","sticky":false,"template":"","format":"standard","meta":{"footnotes":""},"categories":[5],"tags":[],"class_list":{"0":"post-114410","1":"post","2":"type-post","3":"status-publish","4":"format-standard","5":"has-post-thumbnail","7":"category-neco"},"_links":{"self":[{"href":"https:\/\/primicias2262.com\/noticias\/wp-json\/wp\/v2\/posts\/114410","targetHints":{"allow":["GET"]}}],"collection":[{"href":"https:\/\/primicias2262.com\/noticias\/wp-json\/wp\/v2\/posts"}],"about":[{"href":"https:\/\/primicias2262.com\/noticias\/wp-json\/wp\/v2\/types\/post"}],"author":[{"embeddable":true,"href":"https:\/\/primicias2262.com\/noticias\/wp-json\/wp\/v2\/users\/3"}],"replies":[{"embeddable":true,"href":"https:\/\/primicias2262.com\/noticias\/wp-json\/wp\/v2\/comments?post=114410"}],"version-history":[{"count":1,"href":"https:\/\/primicias2262.com\/noticias\/wp-json\/wp\/v2\/posts\/114410\/revisions"}],"predecessor-version":[{"id":114412,"href":"https:\/\/primicias2262.com\/noticias\/wp-json\/wp\/v2\/posts\/114410\/revisions\/114412"}],"wp:featuredmedia":[{"embeddable":true,"href":"https:\/\/primicias2262.com\/noticias\/wp-json\/wp\/v2\/media\/114411"}],"wp:attachment":[{"href":"https:\/\/primicias2262.com\/noticias\/wp-json\/wp\/v2\/media?parent=114410"}],"wp:term":[{"taxonomy":"category","embeddable":true,"href":"https:\/\/primicias2262.com\/noticias\/wp-json\/wp\/v2\/categories?post=114410"},{"taxonomy":"post_tag","embeddable":true,"href":"https:\/\/primicias2262.com\/noticias\/wp-json\/wp\/v2\/tags?post=114410"}],"curies":[{"name":"wp","href":"https:\/\/api.w.org\/{rel}","templated":true}]}}