{"id":114494,"date":"2025-06-05T17:04:55","date_gmt":"2025-06-05T17:04:55","guid":{"rendered":"https:\/\/primicias2262.com\/noticias\/?p=114494"},"modified":"2025-06-05T17:04:55","modified_gmt":"2025-06-05T17:04:55","slug":"nosek-puso-de-ejemplo-a-juan-cerezuela-invitamos-a-los-vecinos-a-que-se-animen-a-participar-en-politica","status":"publish","type":"post","link":"https:\/\/primicias2262.com\/noticias\/nosek-puso-de-ejemplo-a-juan-cerezuela-invitamos-a-los-vecinos-a-que-se-animen-a-participar-en-politica\/","title":{"rendered":"Nosek puso de ejemplo a Juan Cerezuela: \u201cInvitamos a los vecinos a que se animen a participar en pol\u00edtica\u201d"},"content":{"rendered":"<p><strong>El titular de Anses Necochea y referente de la Libertad Avanza en Necochea, Pablo Nosek, dialog\u00f3 con el periodista Jorge G\u00f3mez, en el marco del programa Voces de la Ciudad que se emite a trav\u00e9s de Estaci\u00f3n FREE, 90.3 en FM.<\/strong><\/p>\n<p>Quien fuera candidato a intendnete de Necochea en las elecciones de 2023 por la Libertad Avanza manifest\u00f3 que \u201chace un tiempo que venimos caminando y trabajando en reuniones para hablar de la pol\u00edtica, y nos hemos encontrado con un vecino que vino a nuestro local renegando bastante de los pol\u00edticos, con quien a lo largo de los meses nos hemos encontrado con una persona que quiere salir de la quietud o de su comodidad y empezar a involucrarse en la pol\u00edtica\u201d.<\/p>\n<p>Ese vecino es Juan Cerezuela, quien encabezar\u00e1 la lista como candidato a concejal en las elecciones de este a\u00f1o.<\/p>\n<p>En funci\u00f3n de ello, Nosek afirm\u00f3 que \u201ces lo que le decimos a los vecinos: dejemos de quejarnos y participemos en pol\u00edtica. Si nos quejamos, mejor particip\u00e1 vos con tus valores y principios y demostr\u00e1 en la arena de la pol\u00edtica que pod\u00e9s ser una opci\u00f3n para el vecino, y as\u00ed fue como se sum\u00f3 mucha gente y especialmente Juan, a quien le vimos una impronta, una energ\u00eda y un discurso que le sale sencillo y muy natural, sin ser fingido\u201d.<\/p>\n<p>Asevero en tal sentido que \u201cnos encant\u00f3 su perfil y es muy bueno que empiecen los vecinos comunes desde su comercio, barrio o familia a participar en pol\u00edtica, con una impronta nueva\u201d.<\/p>\n<p>En cuanto a los di\u00e1logos de la Libertad Avanza local con otros sectores pol\u00edticos locales, Pablo destac\u00f3 que \u201cMariano Valiante fue un adelantado, ya que fuimos uno de los primeros distritos de la quinta secci\u00f3n, y casi de toda la provincia, que empezamos a charlar con todos los actores del PRO\u201d.<\/p>\n<p>En ese sentido resalt\u00f3 que \u201cqueremos participar con nuestro espacio, ya que empezamos de cero y nadie daba dos pesos por nosotros, pero a su vez entendemos la l\u00f3gica de poder juntarnos, y qu\u00e9 hace que nos sentemos a charlar en una mesa: las ideas, tal como lo dice Javier Milei\u201d.<\/p>\n<p>De todas maneras, Nosek defini\u00f3 que \u201cel PRO tiene que hacer una autocr\u00edtica porque son 10 caciques y dos indios, todos quieren ser referencia, creo que se tienen que organizar y despu\u00e9s s\u00ed trabajar en conjunto con nosotros y conformar una lista competitiva\u201d.<\/p>\n","protected":false},"excerpt":{"rendered":"<p>El titular de Anses Necochea y referente de la Libertad Avanza en Necochea, Pablo Nosek, dialog\u00f3 con el periodista Jorge G\u00f3mez, en el marco del programa Voces de la Ciudad que se emite a trav\u00e9s de Estaci\u00f3n FREE, 90.3 en FM. Quien fuera candidato a intendnete de Necochea en las elecciones de 2023 por la [&hellip;]<\/p>\n","protected":false},"author":3,"featured_media":114496,"comment_status":"open","ping_status":"open","sticky":false,"template":"","format":"standard","meta":{"footnotes":""},"categories":[5],"tags":[],"class_list":{"0":"post-114494","1":"post","2":"type-post","3":"status-publish","4":"format-standard","5":"has-post-thumbnail","7":"category-neco"},"_links":{"self":[{"href":"https:\/\/primicias2262.com\/noticias\/wp-json\/wp\/v2\/posts\/114494","targetHints":{"allow":["GET"]}}],"collection":[{"href":"https:\/\/primicias2262.com\/noticias\/wp-json\/wp\/v2\/posts"}],"about":[{"href":"https:\/\/primicias2262.com\/noticias\/wp-json\/wp\/v2\/types\/post"}],"author":[{"embeddable":true,"href":"https:\/\/primicias2262.com\/noticias\/wp-json\/wp\/v2\/users\/3"}],"replies":[{"embeddable":true,"href":"https:\/\/primicias2262.com\/noticias\/wp-json\/wp\/v2\/comments?post=114494"}],"version-history":[{"count":1,"href":"https:\/\/primicias2262.com\/noticias\/wp-json\/wp\/v2\/posts\/114494\/revisions"}],"predecessor-version":[{"id":114497,"href":"https:\/\/primicias2262.com\/noticias\/wp-json\/wp\/v2\/posts\/114494\/revisions\/114497"}],"wp:featuredmedia":[{"embeddable":true,"href":"https:\/\/primicias2262.com\/noticias\/wp-json\/wp\/v2\/media\/114496"}],"wp:attachment":[{"href":"https:\/\/primicias2262.com\/noticias\/wp-json\/wp\/v2\/media?parent=114494"}],"wp:term":[{"taxonomy":"category","embeddable":true,"href":"https:\/\/primicias2262.com\/noticias\/wp-json\/wp\/v2\/categories?post=114494"},{"taxonomy":"post_tag","embeddable":true,"href":"https:\/\/primicias2262.com\/noticias\/wp-json\/wp\/v2\/tags?post=114494"}],"curies":[{"name":"wp","href":"https:\/\/api.w.org\/{rel}","templated":true}]}}