{"id":114580,"date":"2025-06-10T14:31:54","date_gmt":"2025-06-10T14:31:54","guid":{"rendered":"https:\/\/primicias2262.com\/noticias\/?p=114580"},"modified":"2025-06-10T20:30:03","modified_gmt":"2025-06-10T20:30:03","slug":"ecos-diarios-es-hoy-una-multiplataforma-que-paso-de-tener-12-empleados-a-50","status":"publish","type":"post","link":"https:\/\/primicias2262.com\/noticias\/ecos-diarios-es-hoy-una-multiplataforma-que-paso-de-tener-12-empleados-a-50\/","title":{"rendered":"\u201cEcos Diarios es hoy una multiplataforma que pas\u00f3 de tener 12 empleados a 50\u201d"},"content":{"rendered":"<p><strong>As\u00ed lo se\u00f1al\u00f3 el director de Ecos Diarios, Gonzalo Irazoqui, en el marco de los 104 a\u00f1os de existencia del matutino local, cuyo aniversario se cumpli\u00f3 el pasado lunes 9 de junio.<\/strong><\/p>\n<p>Quien dialog\u00f3 con el periodista Jorge G\u00f3mez, en el marco del programa Voces de la Ciudad que se emite a trav\u00e9s de Estaci\u00f3n FREE, 90.3 en FM, expres\u00f3 que \u201cestamos muy contentos con Ecos Diarios en su transformaci\u00f3n de diario gr\u00e1fico a multimedios. Quedan muy pocos diarios en la provincia de Buenos Aires con tirada diaria\u201d, subrayando que \u201cEcos es uno de esos 5 de ellos con tirada diaria en la provincia. As\u00ed que como necochense y provinciano es un orgullo\u201d.<\/p>\n<p>Enfatiz\u00f3 tambi\u00e9n que \u201ctener el diario papel con m\u00e1s tirada en la provincia de Buenos Aires es otro dato no menor, eso habla muy bien del necochense que cuando ve el cambio de un producto la gente lo sigue. Y estamos en plena transformaci\u00f3n\u201d.<\/p>\n<p>Irazoqui ratific\u00f3 la nueva etapa del Ecos al describir que \u201cestamos haciendo un trabajo importante de transformaci\u00f3n a una plataforma de a\u00f1os y a\u00f1os, en base a un gran trabajo de la familia Ignacio, con la que tengo excelente relaci\u00f3n y gracias a Dios cuento con el acompa\u00f1amiento de ellos, tanto de Jorge como de Guillermo (retirados de la actividad), y de Sebasti\u00e1n, quien sigue trabajando con nosotros\u201d.<\/p>\n<p>En esa l\u00ednea, Irazoqui defini\u00f3 que \u201cen la actualidad el diario es una multiplataforma, con una web nueva que se hizo hace dos a\u00f1os, tiene muy buenas redes donde hacemos un trabajo grande de contenidos, y tambi\u00e9n estoy muy contento con Ecos radio y con todo lo que se viene de aqu\u00ed en adelante\u201d.<\/p>\n<p>Fue all\u00ed cuando habl\u00f3 de metas y objetivos: \u201cEstamos trabajando muy seriamente con el tema de comunicaci\u00f3n y en esta transformaci\u00f3n que surge en los medios con toda la digitalizaci\u00f3n. Lo mismo que se hizo con La Nueva Provincia se est\u00e1 haciendo con el Ecos y se arranc\u00f3 a hacer con el diario El Bonaerense, que es la agencia multiplataforma de La Plata\u201d, destacando que hoy le toca tener a su cargo la Direcci\u00f3n asimismo de Diarios Bonaerenses (DIB).<\/p>\n<p>De su anterior etapa como empresario, previo a ser director del diario necochense, Gonzalo Irazoqui record\u00f3 que \u201cla gente me vinculaba con la gastronom\u00eda o con la nocturnidad, en lo cual hace dos a\u00f1os que no estoy m\u00e1s. Paralelamente voy haciendo otras cosas y me considero un empresario de Necochea que nunca dej\u00f3 su ciudad y todo lo que pueda aportar para los necochenses aqu\u00ed voy a estar, con nuevos proyectos\u201d.<\/p>\n<p>Al pregunt\u00e1rsele qu\u00e9 significa ser el director del diario de la ciudad, manifest\u00f3 que \u201ces un enorme compromiso y responsabilidad. No es algo que aconteci\u00f3 de un d\u00eda para el otro. Uno se prepara durante mucho tiempo para hacer lo que hace. No es que estamos en los medios de un d\u00eda para otro, sino que es un trabajo de a\u00f1os y a\u00f1os\u201d.<\/p>\n<p>Seguidamente indic\u00f3 que \u201centr\u00e9 al periodismo desde otro lado, el de ser un empresario\u201d, para agregar que \u201cempresario es el que emprende, hoy ayudando a que el Ecos Diarios siga como sost\u00e9n firme del pasado y futuro de todos los necochenses\u201d.<\/p>\n<p>Finalmente, Gonzalo irazoqui valor\u00f3 que \u201cestoy muy agradecido con el plantel que tengo, con la gente de hace muchos a\u00f1os que est\u00e1 dentro de la estructura m\u00e1s otra gente que se ha sumado. El diario hace dos a\u00f1os ten\u00eda 12 empleados y hoy tenemos 50 empleados\u201d.<\/p>\n","protected":false},"excerpt":{"rendered":"<p>As\u00ed lo se\u00f1al\u00f3 el director de Ecos Diarios, Gonzalo Irazoqui, en el marco de los 104 a\u00f1os de existencia del matutino local, cuyo aniversario se cumpli\u00f3 el pasado lunes 9 de junio. Quien dialog\u00f3 con el periodista Jorge G\u00f3mez, en el marco del programa Voces de la Ciudad que se emite a trav\u00e9s de Estaci\u00f3n [&hellip;]<\/p>\n","protected":false},"author":3,"featured_media":114581,"comment_status":"open","ping_status":"open","sticky":false,"template":"","format":"standard","meta":{"footnotes":""},"categories":[5],"tags":[],"class_list":{"0":"post-114580","1":"post","2":"type-post","3":"status-publish","4":"format-standard","5":"has-post-thumbnail","7":"category-neco"},"_links":{"self":[{"href":"https:\/\/primicias2262.com\/noticias\/wp-json\/wp\/v2\/posts\/114580","targetHints":{"allow":["GET"]}}],"collection":[{"href":"https:\/\/primicias2262.com\/noticias\/wp-json\/wp\/v2\/posts"}],"about":[{"href":"https:\/\/primicias2262.com\/noticias\/wp-json\/wp\/v2\/types\/post"}],"author":[{"embeddable":true,"href":"https:\/\/primicias2262.com\/noticias\/wp-json\/wp\/v2\/users\/3"}],"replies":[{"embeddable":true,"href":"https:\/\/primicias2262.com\/noticias\/wp-json\/wp\/v2\/comments?post=114580"}],"version-history":[{"count":2,"href":"https:\/\/primicias2262.com\/noticias\/wp-json\/wp\/v2\/posts\/114580\/revisions"}],"predecessor-version":[{"id":114584,"href":"https:\/\/primicias2262.com\/noticias\/wp-json\/wp\/v2\/posts\/114580\/revisions\/114584"}],"wp:featuredmedia":[{"embeddable":true,"href":"https:\/\/primicias2262.com\/noticias\/wp-json\/wp\/v2\/media\/114581"}],"wp:attachment":[{"href":"https:\/\/primicias2262.com\/noticias\/wp-json\/wp\/v2\/media?parent=114580"}],"wp:term":[{"taxonomy":"category","embeddable":true,"href":"https:\/\/primicias2262.com\/noticias\/wp-json\/wp\/v2\/categories?post=114580"},{"taxonomy":"post_tag","embeddable":true,"href":"https:\/\/primicias2262.com\/noticias\/wp-json\/wp\/v2\/tags?post=114580"}],"curies":[{"name":"wp","href":"https:\/\/api.w.org\/{rel}","templated":true}]}}