{"id":114653,"date":"2025-06-13T10:48:16","date_gmt":"2025-06-13T10:48:16","guid":{"rendered":"https:\/\/primicias2262.com\/noticias\/?p=114653"},"modified":"2025-06-13T16:48:52","modified_gmt":"2025-06-13T16:48:52","slug":"el-estacionamiento-medido-del-centro-no-funcionara-el-venidero-lunes-16","status":"publish","type":"post","link":"https:\/\/primicias2262.com\/noticias\/el-estacionamiento-medido-del-centro-no-funcionara-el-venidero-lunes-16\/","title":{"rendered":"El estacionamiento medido del centro no funcionar\u00e1 el venidero lunes 16"},"content":{"rendered":"<div class=\"elementor-element elementor-element-38a37d5 elementor-widget elementor-widget-theme-post-content\" data-id=\"38a37d5\" data-element_type=\"widget\" data-widget_type=\"theme-post-content.default\">\n<div class=\"elementor-widget-container\">\n<p>La Municipalidad de Necochea informa que, <strong>de acuerdo a lo estipulado en la Ordenanza 8951\/16, la prestaci\u00f3n del servicio de Estacionamiento Medido en el microcentro de la ciudad no estar\u00e1 funcionando el venidero lunes 16 de junio<\/strong> con motivo del feriado por la conmemoraci\u00f3n del Paso a la Inmortalidad del General Don Mart\u00edn Miguel de G\u00fcemes .<\/p>\n<p>Se recuerda que dicha normativa establece que los d\u00edas y horarios del SEM en la zona Centro sean de lunes a s\u00e1bados, entre las 9 y las 21, con excepci\u00f3n de domingos, feriados y asuetos municipales.<\/p>\n<p>Desde la Direcci\u00f3n General de Relaciones con la Comunidad, que encabeza Yamil Haedo, recordaron a su vez que por cualquier reclamo relacionado con el estacionamiento medido se puede llamar durante las 24 horas a la l\u00ednea telef\u00f3nica 147, comunicarse al WhatsApp +5493764500055, o escribir al mail <a href=\"mailto:147necochea@gmail.com\">147necochea@gmail.com<\/a>.<\/p>\n<\/div>\n<\/div>\n","protected":false},"excerpt":{"rendered":"<p>La Municipalidad de Necochea informa que, de acuerdo a lo estipulado en la Ordenanza 8951\/16, la prestaci\u00f3n del servicio de Estacionamiento Medido en el microcentro de la ciudad no estar\u00e1 funcionando el venidero lunes 16 de junio con motivo del feriado por la conmemoraci\u00f3n del Paso a la Inmortalidad del General Don Mart\u00edn Miguel de [&hellip;]<\/p>\n","protected":false},"author":3,"featured_media":110582,"comment_status":"open","ping_status":"open","sticky":false,"template":"","format":"standard","meta":{"footnotes":""},"categories":[5],"tags":[],"class_list":{"0":"post-114653","1":"post","2":"type-post","3":"status-publish","4":"format-standard","5":"has-post-thumbnail","7":"category-neco"},"_links":{"self":[{"href":"https:\/\/primicias2262.com\/noticias\/wp-json\/wp\/v2\/posts\/114653","targetHints":{"allow":["GET"]}}],"collection":[{"href":"https:\/\/primicias2262.com\/noticias\/wp-json\/wp\/v2\/posts"}],"about":[{"href":"https:\/\/primicias2262.com\/noticias\/wp-json\/wp\/v2\/types\/post"}],"author":[{"embeddable":true,"href":"https:\/\/primicias2262.com\/noticias\/wp-json\/wp\/v2\/users\/3"}],"replies":[{"embeddable":true,"href":"https:\/\/primicias2262.com\/noticias\/wp-json\/wp\/v2\/comments?post=114653"}],"version-history":[{"count":1,"href":"https:\/\/primicias2262.com\/noticias\/wp-json\/wp\/v2\/posts\/114653\/revisions"}],"predecessor-version":[{"id":114654,"href":"https:\/\/primicias2262.com\/noticias\/wp-json\/wp\/v2\/posts\/114653\/revisions\/114654"}],"wp:featuredmedia":[{"embeddable":true,"href":"https:\/\/primicias2262.com\/noticias\/wp-json\/wp\/v2\/media\/110582"}],"wp:attachment":[{"href":"https:\/\/primicias2262.com\/noticias\/wp-json\/wp\/v2\/media?parent=114653"}],"wp:term":[{"taxonomy":"category","embeddable":true,"href":"https:\/\/primicias2262.com\/noticias\/wp-json\/wp\/v2\/categories?post=114653"},{"taxonomy":"post_tag","embeddable":true,"href":"https:\/\/primicias2262.com\/noticias\/wp-json\/wp\/v2\/tags?post=114653"}],"curies":[{"name":"wp","href":"https:\/\/api.w.org\/{rel}","templated":true}]}}