{"id":114770,"date":"2025-06-23T10:39:28","date_gmt":"2025-06-23T10:39:28","guid":{"rendered":"https:\/\/primicias2262.com\/noticias\/?p=114770"},"modified":"2025-06-23T19:40:38","modified_gmt":"2025-06-23T19:40:38","slug":"con-la-expo-educativa-llega-uno-de-los-eventos-mas-esperados-por-los-alumnos","status":"publish","type":"post","link":"https:\/\/primicias2262.com\/noticias\/con-la-expo-educativa-llega-uno-de-los-eventos-mas-esperados-por-los-alumnos\/","title":{"rendered":"Con la Expo Educativa llega uno de los eventos m\u00e1s esperados por los alumnos"},"content":{"rendered":"<p><strong>La 22da edici\u00f3n de la oferta m\u00e1s completa para aquellos que culminan el secundario volver\u00e1 a tener lugar en la Secundaria N\u00b0 7 este mi\u00e9rcoles 25 y contar\u00e1 con el apoyo del municipio.<\/strong><\/p>\n<p>Cada mitad de a\u00f1o marca la llegada de la Expo Educativa, uno de los eventos m\u00e1s esperados por miles de alumnos que se encuentran pr\u00f3ximos a culminar la secundaria. Con la organizaci\u00f3n de la Direcci\u00f3n de Psicolog\u00eda Comunitaria y Pedagog\u00eda Social Regi\u00f3n 20 Distrito de Necochea, este mi\u00e9rcoles 25 de junio se realizar\u00e1 la 22da edici\u00f3n de la expo, con sede en la Secundaria N\u00b0 7, de 9 a 15.30 hs.<\/p>\n<p>Desde la comisi\u00f3n de difusi\u00f3n de la expo, las orientadoras educacionales y sociales, Nadia Ibarguren, Noelia Otero y Ver\u00f3nica Esteve, brindaron detalles de esta nueva edici\u00f3n y destacaron el acompa\u00f1amiento del municipio, cuya gesti\u00f3n del intendente Arturo Rojas garantizar\u00e1 el traslado de los alumnos de las localidades del interior del distrito para que todos puedan estar presentes.<\/p>\n<p>\u201cEs la 22da Expo Educativa de manera ininterrumpida, se ha hecho todos los a\u00f1os y ser\u00e1 este mi\u00e9rcoles 25 de junio en la sede de la Secundaria N\u00b0 7, en Av. 58 y 55 de 9 a 15.30\u201d, inform\u00f3 Ibarguen, destacando que \u201ces un trabajo que viene muy aceitado, muchas personas en la ciudad hemos transitado por esta jornada educativa que se lleva adelante y a\u00f1o a a\u00f1o vamos creciendo\u201d, para aclarar que \u201cm\u00e1s all\u00e1 de que se invite a los estudiantes pr\u00f3ximos a egresar de la secundaria, ampliamos la invitaci\u00f3n a la familia, que es la que compa\u00f1a este proyecto de vida de los j\u00f3venes\u201d.<\/p>\n<p>Por su parte, Otero resalt\u00f3 que adem\u00e1s de los stands que se ofrecen todos los a\u00f1os donde las distintas universidades, terciarios, centros de formaci\u00f3n profesional y fuerzas de seguridad comparten sus ofertas educativas locales y regionales, \u201cdesde el a\u00f1o pasado y continuando este a\u00f1o tendremos tambi\u00e9n charlas de universidades y de institutos terciarios, y paneles con profesionales de distintas disciplinas que nos van a compartir c\u00f3mo fue su elecci\u00f3n vocacional, su formaci\u00f3n acad\u00e9mica y la inclusi\u00f3n al mundo del trabajo\u201d.<\/p>\n<p>La orientadora anticip\u00f3 adem\u00e1s que \u201cvamos a tener diversos talleres de orientaci\u00f3n vocacional y de orientaci\u00f3n para la educaci\u00f3n y el trabajo que los hacen nuestras compa\u00f1eras de Psicolog\u00eda Comunitaria y Pedagog\u00eda Social, como as\u00ed tambi\u00e9n el Cavagnaro y el Instituto N\u00b0 31 junto con la Universidad de Mar del Plata\u201d, para valorar que \u201csomos m\u00e1s de 30 colegas trabajando en varias comisiones para la expo\u201d.<\/p>\n<p>Por su parte, Esteve manifest\u00f3 que \u201cesperamos a todos los estudiantes de los 6\u00b0 y 7\u00b0 A\u00f1o de los secundarios de las escuelas p\u00fablicas, privadas y t\u00e9cnicas para toda la jornada. Compartiremos toda la oferta pedag\u00f3gica que hay para despu\u00e9s de la secundaria, para que puedan empezar a ver cu\u00e1l es el deseo de cada alumno\u201d.<\/p>\n<p>Esteve confirm\u00f3 que al inicio habr\u00e1 un corte de cinta y un breve saludo protocolar porque \u201cya despu\u00e9s es la convocatoria a todos los estudiantes que son los protagonistas de esta Expo Educativa\u201d.<\/p>\n","protected":false},"excerpt":{"rendered":"<p>La 22da edici\u00f3n de la oferta m\u00e1s completa para aquellos que culminan el secundario volver\u00e1 a tener lugar en la Secundaria N\u00b0 7 este mi\u00e9rcoles 25 y contar\u00e1 con el apoyo del municipio. Cada mitad de a\u00f1o marca la llegada de la Expo Educativa, uno de los eventos m\u00e1s esperados por miles de alumnos que [&hellip;]<\/p>\n","protected":false},"author":3,"featured_media":107888,"comment_status":"open","ping_status":"open","sticky":false,"template":"","format":"standard","meta":{"footnotes":""},"categories":[5],"tags":[],"class_list":{"0":"post-114770","1":"post","2":"type-post","3":"status-publish","4":"format-standard","5":"has-post-thumbnail","7":"category-neco"},"_links":{"self":[{"href":"https:\/\/primicias2262.com\/noticias\/wp-json\/wp\/v2\/posts\/114770","targetHints":{"allow":["GET"]}}],"collection":[{"href":"https:\/\/primicias2262.com\/noticias\/wp-json\/wp\/v2\/posts"}],"about":[{"href":"https:\/\/primicias2262.com\/noticias\/wp-json\/wp\/v2\/types\/post"}],"author":[{"embeddable":true,"href":"https:\/\/primicias2262.com\/noticias\/wp-json\/wp\/v2\/users\/3"}],"replies":[{"embeddable":true,"href":"https:\/\/primicias2262.com\/noticias\/wp-json\/wp\/v2\/comments?post=114770"}],"version-history":[{"count":1,"href":"https:\/\/primicias2262.com\/noticias\/wp-json\/wp\/v2\/posts\/114770\/revisions"}],"predecessor-version":[{"id":114771,"href":"https:\/\/primicias2262.com\/noticias\/wp-json\/wp\/v2\/posts\/114770\/revisions\/114771"}],"wp:featuredmedia":[{"embeddable":true,"href":"https:\/\/primicias2262.com\/noticias\/wp-json\/wp\/v2\/media\/107888"}],"wp:attachment":[{"href":"https:\/\/primicias2262.com\/noticias\/wp-json\/wp\/v2\/media?parent=114770"}],"wp:term":[{"taxonomy":"category","embeddable":true,"href":"https:\/\/primicias2262.com\/noticias\/wp-json\/wp\/v2\/categories?post=114770"},{"taxonomy":"post_tag","embeddable":true,"href":"https:\/\/primicias2262.com\/noticias\/wp-json\/wp\/v2\/tags?post=114770"}],"curies":[{"name":"wp","href":"https:\/\/api.w.org\/{rel}","templated":true}]}}