{"id":114828,"date":"2025-06-26T10:44:06","date_gmt":"2025-06-26T10:44:06","guid":{"rendered":"https:\/\/primicias2262.com\/noticias\/?p=114828"},"modified":"2025-06-26T16:43:18","modified_gmt":"2025-06-26T16:43:18","slug":"el-concejo-local-debatiria-en-sesion-ordinaria-la-condena-a-cristina-kirchner-y-la-situacion-del-inta","status":"publish","type":"post","link":"https:\/\/primicias2262.com\/noticias\/el-concejo-local-debatiria-en-sesion-ordinaria-la-condena-a-cristina-kirchner-y-la-situacion-del-inta\/","title":{"rendered":"El Concejo local debatir\u00eda, en sesi\u00f3n ordinaria, la condena a Cristina Kirchner y la situaci\u00f3n del INTA"},"content":{"rendered":"<p><strong>El HCD de Necochea llevar\u00e1 a cabo este jueves 26 de junio a partir de las 10 de la ma\u00f1ana la 5\u00b0 sesi\u00f3n ordinaria del a\u00f1o con el tratamiento de 50 expedientes despachados. Seis de ellos merecer\u00e1n su consideraci\u00f3n por separado. La situaci\u00f3n de la ex presidente, a instancias del interbloque de Uni\u00f3n por la Patria, habilitar\u00e1 diferentes expresiones y posturas<\/strong><\/p>\n<p><strong>Por Jorge G\u00f3mez<\/strong><\/p>\n<p>El Concejo Deliberante de Necochea llevar\u00e1 a cabo este jueves 26 de junio, bajo la presidencia del doctor Marcelo Schwarz y a partir de las 10 de la ma\u00f1ana, la quinta sesi\u00f3n ordinaria del corriente a\u00f1o, con un orden del d\u00eda compuesto de 50 expedientes, entre los cuales se destacan dos temas de los seis que, seg\u00fan se conoce, ser\u00e1n cuestiones de tratamiento y de presunto debate en la sala.<\/p>\n<p>Uno de ellos, el N\u00b0 50, incorporado en el marco de la comisi\u00f3n de Labor Parlamentaria que tuvo lugar este mi\u00e9rcoles al mediod\u00eda, y que fue puesto a consideraci\u00f3n por el interbloque de Uni\u00f3n por la Patria, es un proyecto de resoluci\u00f3n -o sea un pronunciamiento pol\u00edtico del cuerpo- mediante el cual se propone que el HCD local se exprese repudiar \u201cla condena a la ex presidenta Cristina Fern\u00e1ndez de Kirchner\u201d. El asunto podr\u00eda habilitar puntos encontrados entre los diferentes bloques que componen el Deliberante necochense.<\/p>\n<p>Otro expediente que ser\u00e1 analizado en esta oportunidad alude a la situaci\u00f3n del INTA local, por lo cual se proceder\u00eda habilitar una probable discusi\u00f3n es una iniciativa -otro proyecto de resoluci\u00f3n- por el cual el cuerpo de concejales proceder\u00eda a declarar \u201cde inter\u00e9s y de imperiosa necesidad continuar contando con la presencia f\u00edsica de la Agencia de Extensi\u00f3n Rural de INTA Necochea, dependiente de la Estaci\u00f3n Experimental Agropecuaria Balcarce\u201d, solicitando asimismo al Departamento Ejecutivo lleve adelante aquellas \u201cgestiones necesarias ante el Ministerio de Desregulaci\u00f3n y Transformaci\u00f3n del Estado para continuar contando en el distrito con la Agencia de Extensi\u00f3n Rural de INTA Necochea\u201d.<\/p>\n<p><strong>El contenido de este \u00faltimo asunto es el siguiente, con sus vistos y considerandos:<\/strong><\/p>\n<p><strong>VISTO:<\/strong><\/p>\n<p>La Intenci\u00f3n manifiesta del Ministerio de Desregulaci\u00f3n y Transformaci\u00f3n del Estado de disolver la Agencia de Extensi\u00f3n Rural de INTA Necochea, dependiente de la Estaci\u00f3n Experimental Agropecuaria Balcarce, as\u00ed como las respectivas Agencias de la regi\u00f3n y;<\/p>\n<p>CONSIDERANDO:<\/p>\n<p>Que, la Agencia INTA se desarrolla en nuestro distrito desde hace m\u00e1s de 6 d\u00e9cadas aportando contribuciones al sector productivo primario, a trav\u00e9s de la generaci\u00f3n de conocimiento e innovaci\u00f3n, del acceso a herramientas de toma de decisi\u00f3n para las empresas, del fortalecimiento de capacidades de la educaci\u00f3n t\u00e9cnica en sus distintos niveles y del aporte a la seguridad alimentaria de la poblaci\u00f3n m\u00e1s vulnerable;<\/p>\n<p>Que, el INTA Necochea cuenta desde hace m\u00e1s de 30 a\u00f1os con un Consejo Asesor integrado por representantes de instituciones locales ligadas al sector primario, de servicios, educativo y gubernamental, siendo el Municipio de Necochea, miembro activo del mismo desde el advenimiento de la democracia;<\/p>\n<p>Que, el mencionado Concejo Asesor es quien articula con sus diversos integrantes en la generaci\u00f3n de espacios de di\u00e1logo y aporte de soluciones para desarrollar sistemas agropecuarios m\u00e1s eficientes y sostenibles;<\/p>\n<p>Que, en los \u00faltimos a\u00f1os los profesionales del INTA Necochea han brindado los siguientes aportes a nuestra comunidad desde el trabajo propio y el interinstitucional:<\/p>\n<ul>\n<li>Investigaciones referidas a la caracterizaci\u00f3n de los sistemas productivos locales, al uso del suelo, al tratamiento de residuos de modelos intensivos agropecuarios, al conocimiento social referido a las colonias agrarias del partido, estudios de los factores reductores de rendimiento en distintos cultivos, estudios de manejo de cultivos de servicio, de manejo de malezas resistentes, de modelos productivos intensivos en agricultura, rotaciones.<\/li>\n<li>Fortalecimiento de la producci\u00f3n agr\u00edcola ganadera mediante actividades de capacitaci\u00f3n a trabajadores rurales (cursos de manejo de maquinaria agr\u00edcola, cursos de pe\u00f3n rural para manejo de rodeos de vacunos de cr\u00eda y engorde).<\/li>\n<li>Jornadas en campos demostradores agr\u00edcolas ganaderos. Presentaci\u00f3n de modelos intensivos de producci\u00f3n ganadera, ensayos de producci\u00f3n agr\u00edcola en cultivos de fina y gruesa.<\/li>\n<li>Charlas de manejo intensivo agr\u00edcola y manejo intensivo ganadero en las comunidades de Necochea, La Dulce, J.N. Fern\u00e1ndez y Ram\u00f3n Santamarina, organizadas conjuntamente con asociaciones de productores, empresas y cooperativas locales.<\/li>\n<li>Participaci\u00f3n y elaboraci\u00f3n de documentos base para la declaraci\u00f3n de emergencia agropecuaria, as\u00ed como an\u00e1lisis y elaboraci\u00f3n de informes en relaci\u00f3n a las planillas de emergencia presentadas.<\/li>\n<li>Fortalecimiento de las capacidades de los profesionales de la regi\u00f3n, con el acercamiento de cursos de post grado para profesionales a nivel local, organizaci\u00f3n de charlas y jornadas de capacitaci\u00f3n conjunta con las asociaciones de profesionales del sector agron\u00f3mico y veterinario locales y provinciales.<\/li>\n<li>Fortalecimiento de la producci\u00f3n y comercializaci\u00f3n de Porcina. Con la conformaci\u00f3n de grupos de Cambio Rural que favorecieron la asistencia t\u00e9cnica y la capacitaci\u00f3n en aspectos inherentes a la producci\u00f3n, la formulaci\u00f3n de proyecto para acceso a financiamiento la creaci\u00f3n y consolidaci\u00f3n de una cooperativa de elaboraci\u00f3n de Embutidos y salazones en Juan N Fern\u00e1ndez.<\/li>\n<li>Fortalecimiento de la producci\u00f3n hort\u00edcola empresarial, con la conformaci\u00f3n de un grupo Cambio Rural que favoreci\u00f3 la asistencia t\u00e9cnica y la capacitaci\u00f3n en el marco de las buenas pr\u00e1cticas agr\u00edcolas y la producci\u00f3n m\u00e1s sustentable, la elaboraci\u00f3n de proyectos que implicaron el acceso a financiamiento para la incorporaci\u00f3n de equipamiento de riego, invern\u00e1culos y aumento de la producci\u00f3n sostenida en las distintas estaciones del a\u00f1o. Teniendo en cuenta que los resultados de esos aportes tambi\u00e9n pueden reconocerse en la apertura de nuevas verduler\u00edas con provisi\u00f3n local y abastecimiento de las verduler\u00edas locales a cargo de las familias productoras (m\u00e1s del 50% de las verduras y hortalizas que se comercializan en el distrito son producidas localmente, con el consecuente impacto que ello tiene sobre la econom\u00eda local).<\/li>\n<li>Desarrollo de canales directos de comercializaci\u00f3n &#8211; Ferias, bolsones de verduras &#8211; bajo el proyecto interinstitucional de Kil\u00f3metro Cero.<\/li>\n<li>Acompa\u00f1amiento al proyecto municipal para la implementaci\u00f3n de un sello que permita diferenciar la producci\u00f3n de alimentos locales.<\/li>\n<li>Conjuntamente con establecimientos educativos de la rama t\u00e9cnica se han desarrollado modelos de elaboraci\u00f3n de productos a base del rescate de hortalizas para el desarrollo de producci\u00f3n de cuarta gama y a varios productos procesados con potencialidad de acceso al mercado.<\/li>\n<li>Fortalecimiento de elaboradores de alimentos a partir de verduras y frutas de estaci\u00f3n, acompa\u00f1amiento para la formalizaci\u00f3n y registro de sus actividades.<\/li>\n<li>Fortalecimiento de la producci\u00f3n ap\u00edcola, con el trabajo con grupos de productores a trav\u00e9s del Programa Cambio Rural, su capacitaci\u00f3n, el desarrollo de un apiario demostrativo con buenas pr\u00e1cticas de manejo ap\u00edcola, el acompa\u00f1amiento en agregado de valor a establecimientos elaboradores a base de productos de miel y la puesta en relieve del sendero ap\u00edcola a nivel local.<\/li>\n<li>Fortalecimiento de la producci\u00f3n av\u00edcola semi-intensiva local por medio de capacitaciones.<\/li>\n<li>Asistencia t\u00e9cnica y seguimiento a m\u00e1s de 1260 huertas de traspatio en el marco del programa Pro-Huerta y al menos 6 huertas comunitarias en diversos puntos de la ciudad, que aportaban alimento fresco y diverso a la mesa de poblaci\u00f3n con carencias de recursos.<\/li>\n<li>Fortalecimiento del sistema educativo con capacitaciones a docentes, pr\u00e1cticas profesionales de alumnos de niveles terciarios y tecnicaturas. Charlas de formaci\u00f3n para alumnos del sistema educativo en general. Participaci\u00f3n y acompa\u00f1amiento en concursos \u00abAs\u00ed son los suelos en mi pa\u00eds, AACREA\u00bb. Y asistencia a la mesa interinstitucional del COPRET.<\/li>\n<li>Jornadas de prevenci\u00f3n de enfermedades zoon\u00f3ticas en las distintas comunidades del distrito.<\/li>\n<\/ul>\n<p>Que, por lo antedicho, resulta innegable la necesidad de preservar una instituci\u00f3n cuyo valor para el desarrollo local ha quedado plasmado por su trabajo a trav\u00e9s de los a\u00f1os<\/p>\n<p>POR TODO ELLO, EL HONORABLE CONCEJO DELIBERANTE, EN USO DE SUS LEG\u00cdTIMAS ATRIBUCIONES SANCIONA LA SIGUENTE:<\/p>\n<p>R E S O L U C I \u00d3 N<\/p>\n<p>ART\u00cdCULO 1\u00ba: El Honorable Concejo Deliberante de Necochea declara de inter\u00e9s y de imperiosa necesidad continuar contando con la presencia f\u00edsica de la Agencia de Extensi\u00f3n Rural de INTA Necochea, dependiente de la Estaci\u00f3n Experimental Agropecuaria Balcarce.<\/p>\n<p>ART\u00cdCULO 2\u00aa: El Honorable Concejo Deliberante de Necochea solicita al Departamento Ejecutivo las gestiones necesarias ante el Ministerio de Desregulaci\u00f3n y Transformaci\u00f3n del Estado para continuar contando en el distrito con la Agencia de Extensi\u00f3n Rural de INTA Necochea.<\/p>\n<p>ART\u00cdCULO 3\u00ba: De forma.<\/p>\n","protected":false},"excerpt":{"rendered":"<p>El HCD de Necochea llevar\u00e1 a cabo este jueves 26 de junio a partir de las 10 de la ma\u00f1ana la 5\u00b0 sesi\u00f3n ordinaria del a\u00f1o con el tratamiento de 50 expedientes despachados. Seis de ellos merecer\u00e1n su consideraci\u00f3n por separado. La situaci\u00f3n de la ex presidente, a instancias del interbloque de Uni\u00f3n por la [&hellip;]<\/p>\n","protected":false},"author":3,"featured_media":114833,"comment_status":"open","ping_status":"open","sticky":false,"template":"","format":"standard","meta":{"footnotes":""},"categories":[5],"tags":[],"class_list":{"0":"post-114828","1":"post","2":"type-post","3":"status-publish","4":"format-standard","5":"has-post-thumbnail","7":"category-neco"},"_links":{"self":[{"href":"https:\/\/primicias2262.com\/noticias\/wp-json\/wp\/v2\/posts\/114828","targetHints":{"allow":["GET"]}}],"collection":[{"href":"https:\/\/primicias2262.com\/noticias\/wp-json\/wp\/v2\/posts"}],"about":[{"href":"https:\/\/primicias2262.com\/noticias\/wp-json\/wp\/v2\/types\/post"}],"author":[{"embeddable":true,"href":"https:\/\/primicias2262.com\/noticias\/wp-json\/wp\/v2\/users\/3"}],"replies":[{"embeddable":true,"href":"https:\/\/primicias2262.com\/noticias\/wp-json\/wp\/v2\/comments?post=114828"}],"version-history":[{"count":4,"href":"https:\/\/primicias2262.com\/noticias\/wp-json\/wp\/v2\/posts\/114828\/revisions"}],"predecessor-version":[{"id":114832,"href":"https:\/\/primicias2262.com\/noticias\/wp-json\/wp\/v2\/posts\/114828\/revisions\/114832"}],"wp:featuredmedia":[{"embeddable":true,"href":"https:\/\/primicias2262.com\/noticias\/wp-json\/wp\/v2\/media\/114833"}],"wp:attachment":[{"href":"https:\/\/primicias2262.com\/noticias\/wp-json\/wp\/v2\/media?parent=114828"}],"wp:term":[{"taxonomy":"category","embeddable":true,"href":"https:\/\/primicias2262.com\/noticias\/wp-json\/wp\/v2\/categories?post=114828"},{"taxonomy":"post_tag","embeddable":true,"href":"https:\/\/primicias2262.com\/noticias\/wp-json\/wp\/v2\/tags?post=114828"}],"curies":[{"name":"wp","href":"https:\/\/api.w.org\/{rel}","templated":true}]}}