{"id":115539,"date":"2025-08-06T16:49:57","date_gmt":"2025-08-06T16:49:57","guid":{"rendered":"https:\/\/primicias2262.com\/noticias\/?p=115539"},"modified":"2025-08-06T16:49:57","modified_gmt":"2025-08-06T16:49:57","slug":"faraminan-valoro-la-implementacion-de-ojos-en-alerta-y-anticipo-visita-del-ministro-de-seguridad","status":"publish","type":"post","link":"https:\/\/primicias2262.com\/noticias\/faraminan-valoro-la-implementacion-de-ojos-en-alerta-y-anticipo-visita-del-ministro-de-seguridad\/","title":{"rendered":"Farami\u00f1\u00e1n valor\u00f3 la implementaci\u00f3n de \u201cOjos en Alerta\u201d y anticip\u00f3 visita del ministro de Seguridad"},"content":{"rendered":"<p><strong>La secretaria de Gobierno de la Municipalidad de Necochea, Paula Farami\u00f1\u00e1n, destac\u00f3 el reciente lanzamiento del programa de prevenci\u00f3n ciudadana \u201cOjos en Alerta\u201d, que esta semana tuvo su presentaci\u00f3n oficial con una capacitaci\u00f3n abierta al p\u00fablico y diversas instituciones de la comunidad.<\/strong><\/p>\n<p>Quien dialog\u00f3 con el periodista Jorge G\u00f3mez, en el marco del programa Voces de la Ciudad que se emite a trav\u00e9s de Estaci\u00f3n FREE, 90.3 en FM, record\u00f3 que \u201cesto fue parte de una planificaci\u00f3n. La primera etapa fue la firma del convenio, y en ese sentido viajamos con el intendente Arturo Rojas el mi\u00e9rcoles pasado a San Miguel, donde pudimos ver c\u00f3mo funcionaba su estructura de seguridad. Uno de los programas que m\u00e1s los ayud\u00f3 a mejorar fue justamente este de Ojos en Alerta\u201d.<\/p>\n<p>En ese marco, se\u00f1al\u00f3 que \u201cven\u00edamos estudi\u00e1ndolo desde hace algunos meses para evaluar su aplicaci\u00f3n local, y cuando comprobamos que est\u00e1bamos en condiciones \u00f3ptimas, se firm\u00f3 el convenio marco\u201d. Tras esa firma, la semana pasada arribaron a Necochea el asesor del intendente de San Miguel, Jaime M\u00e9ndez, y creador del programa, Cristian M\u00e9ndez, junto al t\u00e9cnico Facundo D\u00edaz, quienes colaboraron directamente en el Centro de Operaciones y Monitoreo (COM) para su implementaci\u00f3n.<\/p>\n<p>La funcionaria subray\u00f3 la participaci\u00f3n de distintos sectores de la comunidad en la capacitaci\u00f3n: \u201cEstamos muy contentos por la concurrencia del p\u00fablico variado que fue invitado, y por la posibilidad de poner en marcha este sistema que estamos convencidos de que va a funcionar muy bien en nuestra ciudad\u201d.<\/p>\n<p>Por otro lado, Farami\u00f1\u00e1n adelant\u00f3 que el pr\u00f3ximo 14 de agosto estar\u00e1 en Necochea el ministro de Seguridad bonaerense, Javier Alonso. \u201cTenemos una lista importante de cuestiones para solicitarle. Entre ellas, est\u00e1 la posibilidad de que Provincia pueda enviar un nuevo m\u00f3vil policial, aunque todav\u00eda no est\u00e1 confirmado. Adem\u00e1s, viene a reforzar el fondo de seguridad que ya nos enviaron\u201d, explic\u00f3.<\/p>\n<p>Tambi\u00e9n manifest\u00f3 preocupaci\u00f3n por la actual ubicaci\u00f3n del destacamento de la Polic\u00eda Caminera y revel\u00f3 que se est\u00e1 trabajando en conjunto con el intendente de Lober\u00eda, Pablo Barrena, para presentar una carta solicitando su traslado. \u201cLa idea es moverlo un poco m\u00e1s hacia la entrada de Arenas Verdes, para que est\u00e9 en un punto donde se puedan anticipar las bifurcaciones que tiene la ruta\u201d, detall\u00f3.<\/p>\n<p>De esta forma, desde el municipio contin\u00faan desarroll\u00e1ndose acciones articuladas en materia de seguridad, con el objetivo de mejorar la prevenci\u00f3n y la respuesta ante situaciones de emergencia en todo el distrito.<\/p>\n","protected":false},"excerpt":{"rendered":"<p>La secretaria de Gobierno de la Municipalidad de Necochea, Paula Farami\u00f1\u00e1n, destac\u00f3 el reciente lanzamiento del programa de prevenci\u00f3n ciudadana \u201cOjos en Alerta\u201d, que esta semana tuvo su presentaci\u00f3n oficial con una capacitaci\u00f3n abierta al p\u00fablico y diversas instituciones de la comunidad. Quien dialog\u00f3 con el periodista Jorge G\u00f3mez, en el marco del programa Voces [&hellip;]<\/p>\n","protected":false},"author":3,"featured_media":114733,"comment_status":"open","ping_status":"open","sticky":false,"template":"","format":"standard","meta":{"footnotes":""},"categories":[5],"tags":[],"class_list":{"0":"post-115539","1":"post","2":"type-post","3":"status-publish","4":"format-standard","5":"has-post-thumbnail","7":"category-neco"},"_links":{"self":[{"href":"https:\/\/primicias2262.com\/noticias\/wp-json\/wp\/v2\/posts\/115539","targetHints":{"allow":["GET"]}}],"collection":[{"href":"https:\/\/primicias2262.com\/noticias\/wp-json\/wp\/v2\/posts"}],"about":[{"href":"https:\/\/primicias2262.com\/noticias\/wp-json\/wp\/v2\/types\/post"}],"author":[{"embeddable":true,"href":"https:\/\/primicias2262.com\/noticias\/wp-json\/wp\/v2\/users\/3"}],"replies":[{"embeddable":true,"href":"https:\/\/primicias2262.com\/noticias\/wp-json\/wp\/v2\/comments?post=115539"}],"version-history":[{"count":1,"href":"https:\/\/primicias2262.com\/noticias\/wp-json\/wp\/v2\/posts\/115539\/revisions"}],"predecessor-version":[{"id":115540,"href":"https:\/\/primicias2262.com\/noticias\/wp-json\/wp\/v2\/posts\/115539\/revisions\/115540"}],"wp:featuredmedia":[{"embeddable":true,"href":"https:\/\/primicias2262.com\/noticias\/wp-json\/wp\/v2\/media\/114733"}],"wp:attachment":[{"href":"https:\/\/primicias2262.com\/noticias\/wp-json\/wp\/v2\/media?parent=115539"}],"wp:term":[{"taxonomy":"category","embeddable":true,"href":"https:\/\/primicias2262.com\/noticias\/wp-json\/wp\/v2\/categories?post=115539"},{"taxonomy":"post_tag","embeddable":true,"href":"https:\/\/primicias2262.com\/noticias\/wp-json\/wp\/v2\/tags?post=115539"}],"curies":[{"name":"wp","href":"https:\/\/api.w.org\/{rel}","templated":true}]}}