{"id":115686,"date":"2025-08-13T13:04:59","date_gmt":"2025-08-13T13:04:59","guid":{"rendered":"https:\/\/primicias2262.com\/noticias\/?p=115686"},"modified":"2025-08-13T13:04:59","modified_gmt":"2025-08-13T13:04:59","slug":"sigue-sin-solucion-el-conflicto-y-continua-el-paro-de-los-micros","status":"publish","type":"post","link":"https:\/\/primicias2262.com\/noticias\/sigue-sin-solucion-el-conflicto-y-continua-el-paro-de-los-micros\/","title":{"rendered":"Sigue sin soluci\u00f3n el conflicto y contin\u00faa el paro de los micros"},"content":{"rendered":"<p><strong>Fracas\u00f3 este martes 12 de agosto en la delegaci\u00f3n local del Ministerio de Trabajo una reuni\u00f3n entre las partes, o sea los representantes de las empresas concesionarias y la delegaci\u00f3n de la UTA, en nombre de los choferes, y por ende persiste la retenci\u00f3n de tareas, lo que redunda en la no circulaci\u00f3n de las unidades del transporte p\u00fablico de pasajeros en Necochea y Quequ\u00e9n<\/strong><\/p>\n<p><strong>Por Jorge G\u00f3mez<\/strong><\/p>\n<p>Al no existir acuerdo al t\u00e9rmino de una audiencia que tuvo lugar este martes 12 de agosto en dependencias del Ministerio de Trabajo de la Provincia de Buenos Aires, Delegaci\u00f3n local, entre los representantes de las empresas de transporte urbano de pasajeros de nuestro medio y la delegaci\u00f3n de la UTA (Uni\u00f3n Tranviarios Automotor), gremio que nuclea a los choferes de los micros, contin\u00faa la retenci\u00f3n de tareas y por ende la no prestaci\u00f3n del servicio en Necochea y Quequ\u00e9n.<\/p>\n<p>La mencionada medida dio comienzo este jueves 12 a partir de la 0 hora y tiene interrumpido el citado servicio, el que se extender\u00eda -seg\u00fan fuentes consultadas- hasta que las firmas hagan frente al reclamo de los trabajadores, los que se dividen en dos temas: uno de ellos consiste en el abono del 40% de los salarios del \u00faltimo mes de julio, pendiente de cancelaci\u00f3n, y el pago de una cuota pactada que deb\u00eda ser atendida el pasado 17 de julio.<\/p>\n<p>Se conoci\u00f3 que las empresas -Compa\u00f1\u00eda de Transportes Necochea y Micro \u00d3mnibus Nueva Pompeya- llevaron a la mesa de este encuentro, desarrollado en \u00e1mbitos de Trabajo provincial, la informaci\u00f3n de que est\u00e1n a la espera del fondo bonaerense -un subsidio al transporte- para atender por lo menos el tema salarial de julio, dejando la posibilidad de responder por el restante asunto -la cuota citada- para abonarla reci\u00e9n el viernes 29 del corriente.<\/p>\n<p>Ante la negativa de la representaci\u00f3n de la UTA, cuyos afiliados -se reitera- son los choferes de los micros, se finaliz\u00f3 este encuentro sin resultado positivo, d\u00e1ndole continuidad a la aludida medida -retenci\u00f3n de tareas-, que tiene interrumpida la circulaci\u00f3n de las unidades.<\/p>\n<p>Se espera que este mi\u00e9rcoles 13 de agosto se lleve adelante a media ma\u00f1ana otra reuni\u00f3n similar, en la misma dependencia bonaerense, en aras de darle continuidad a las conversaciones y lograr un posible entendimiento. \u201cHasta que no nos paguen lo que no corresponde no saldremos a trabajar. La medida es por tiempo indeterminado\u201d, respondi\u00f3 uno de las choferes consultados.<\/p>\n","protected":false},"excerpt":{"rendered":"<p>Fracas\u00f3 este martes 12 de agosto en la delegaci\u00f3n local del Ministerio de Trabajo una reuni\u00f3n entre las partes, o sea los representantes de las empresas concesionarias y la delegaci\u00f3n de la UTA, en nombre de los choferes, y por ende persiste la retenci\u00f3n de tareas, lo que redunda en la no circulaci\u00f3n de las [&hellip;]<\/p>\n","protected":false},"author":3,"featured_media":110610,"comment_status":"open","ping_status":"open","sticky":false,"template":"","format":"standard","meta":{"footnotes":""},"categories":[5],"tags":[],"class_list":{"0":"post-115686","1":"post","2":"type-post","3":"status-publish","4":"format-standard","5":"has-post-thumbnail","7":"category-neco"},"_links":{"self":[{"href":"https:\/\/primicias2262.com\/noticias\/wp-json\/wp\/v2\/posts\/115686","targetHints":{"allow":["GET"]}}],"collection":[{"href":"https:\/\/primicias2262.com\/noticias\/wp-json\/wp\/v2\/posts"}],"about":[{"href":"https:\/\/primicias2262.com\/noticias\/wp-json\/wp\/v2\/types\/post"}],"author":[{"embeddable":true,"href":"https:\/\/primicias2262.com\/noticias\/wp-json\/wp\/v2\/users\/3"}],"replies":[{"embeddable":true,"href":"https:\/\/primicias2262.com\/noticias\/wp-json\/wp\/v2\/comments?post=115686"}],"version-history":[{"count":1,"href":"https:\/\/primicias2262.com\/noticias\/wp-json\/wp\/v2\/posts\/115686\/revisions"}],"predecessor-version":[{"id":115687,"href":"https:\/\/primicias2262.com\/noticias\/wp-json\/wp\/v2\/posts\/115686\/revisions\/115687"}],"wp:featuredmedia":[{"embeddable":true,"href":"https:\/\/primicias2262.com\/noticias\/wp-json\/wp\/v2\/media\/110610"}],"wp:attachment":[{"href":"https:\/\/primicias2262.com\/noticias\/wp-json\/wp\/v2\/media?parent=115686"}],"wp:term":[{"taxonomy":"category","embeddable":true,"href":"https:\/\/primicias2262.com\/noticias\/wp-json\/wp\/v2\/categories?post=115686"},{"taxonomy":"post_tag","embeddable":true,"href":"https:\/\/primicias2262.com\/noticias\/wp-json\/wp\/v2\/tags?post=115686"}],"curies":[{"name":"wp","href":"https:\/\/api.w.org\/{rel}","templated":true}]}}