{"id":115787,"date":"2025-08-19T11:43:50","date_gmt":"2025-08-19T11:43:50","guid":{"rendered":"https:\/\/primicias2262.com\/noticias\/?p=115787"},"modified":"2025-08-19T16:16:52","modified_gmt":"2025-08-19T16:16:52","slug":"kicillof-cuattromo-y-rojas-firmaron-convenio-para-la-compra-de-bienes-de-capital","status":"publish","type":"post","link":"https:\/\/primicias2262.com\/noticias\/kicillof-cuattromo-y-rojas-firmaron-convenio-para-la-compra-de-bienes-de-capital\/","title":{"rendered":"Kicillof, Cuattromo y Rojas firmaron convenio para la compra de bienes de capital"},"content":{"rendered":"<p>El intendente de Necochea rubric\u00f3 este lunes 18 de agosto la documentaci\u00f3n por un nuevo leasing por casi 720.000.000 de pesos. El acto fue encabezado por el gobernador Axel Kicillof y del que tambi\u00e9n tom\u00f3 parte el titular del Banco Provincia, Juan Cuattromo. Tal partida ser\u00e1 destinada en nuestro distrito a la pronta adquisici\u00f3n de un arco en C para el Hospital Emilio Ferreyra, equipamiento para el Ente Municipal de Servicios Urbanos y Rurales (EMSUR) y una camioneta que de afectar\u00e1 a Defensa Civil<\/p>\n<p><strong>Por Jorge G\u00f3mez<\/strong><\/p>\n<p>El gobernador de la provincia de Buenos Aires, Axel Kicillof, encabez\u00f3 este lunes una reuni\u00f3n con intendentes bonaerenses que suscribieron contratos de leasing para la compra de bienes de capital en sus municipios.<\/p>\n<p>Entre los presentes estuvo el jefe comunal de Necochea, doctor Arturo Rojas, quien firm\u00f3 por el compromiso de un nuevo leasing por 720.000.000 de pesos, partida que se destinar\u00e1 a adquirir equipamiento para el EMSUR, un arco en C para el Hospital Emilio Ferreyra y una camioneta para Defensa Civil.<\/p>\n<p>El consiguiente acto tuvo su desarrollo en el Sal\u00f3n de Acuerdos de la Casa de Gobierno, junto al presidente del Banco Provincia, Juan Cuattromo, y la presidenta de Provincia Leasing, Valeria Dallera.<\/p>\n<p>En ese marco, el gobernador Kicillof afirm\u00f3 que \u201ca pesar de las enormes dificultades que nos plantea el contexto, seguimos impulsando las pol\u00edticas y las herramientas que caracterizan a nuestra banca p\u00fablica: asistimos a los municipios, a las pymes y a los productores para que puedan crecer\u201d.<\/p>\n<p>\u201cLa funci\u00f3n del Banco Provincia no es correr detr\u00e1s de los vaivenes de la timba financiera, sino trabajar para resolver las necesidades de la gente. Se trata de que su rentabilidad vuelva a sus \u00fanicos due\u00f1os, que son las y los bonaerenses\u201d, agreg\u00f3.<\/p>\n<p>En el marco de la \u201cL\u00ednea Municipios 2025\u201d, los distritos podr\u00e1n adquirir maquinarias, equipamiento de construcci\u00f3n, bienes de salud y veh\u00edculos, entre otros, con financiamiento hasta 48 cuotas. Ya son 101 los municipios asistidos desde el inicio de la gesti\u00f3n.<\/p>\n<p>Suscribieron los intendentes de Bol\u00edvar, Marcos Pisano; de Bragado, Sergio Barenghi; de Campana, Sebasti\u00e1n Abella; de Col\u00f3n, Waldemar Giordano; de Daireaux, Alejandro Acerbo; de Dolores, Juan Pablo Garc\u00eda; de General Arenales, \u00c9rica Revilla; de General San Mart\u00edn, Fernando Moreira; de Lomas de Zamora, Federico Oterm\u00edn; de Mercedes, Juan Ignacio Ustarroz; de Necochea, Arturo Rojas; de Pila, Sebasti\u00e1n Walker; de Pilar, Federico Ach\u00e1val; de Salto, Ricardo Alessandro; de Villarino, Carlos Bevilacqua; y la intendenta interina de Avellaneda, Magdalena Sierra.<\/p>\n<p>Por su parte, Cuattromo subray\u00f3: \u201cFirmamos convenios de leasing con distintos municipios bonaerenses para que puedan adquirir bienes de capital de forma eficiente y, de esta manera, brindar un mejor servicio a los vecinos\u201d.<\/p>\n<p>\u201cEs un esfuerzo muy grande el que hace el banco para sostener estas herramientas en una coyuntura muy dif\u00edcil, ya que las decisiones del Gobierno nacional est\u00e1n impactando negativamente en toda la actividad\u201d, agreg\u00f3.<\/p>\n<p>Asimismo, a trav\u00e9s de la l\u00ednea Financiamiento para Municipios, el Banco Provincia otorg\u00f3 un pr\u00e9stamo por 1.000 millones de pesos al municipio de Jun\u00edn al que suscribi\u00f3 su intendente, Pablo Petrecca, destinados a obras de pavimentaci\u00f3n y la compra de cinco tractores.<\/p>\n","protected":false},"excerpt":{"rendered":"<p>El intendente de Necochea rubric\u00f3 este lunes 18 de agosto la documentaci\u00f3n por un nuevo leasing por casi 720.000.000 de pesos. El acto fue encabezado por el gobernador Axel Kicillof y del que tambi\u00e9n tom\u00f3 parte el titular del Banco Provincia, Juan Cuattromo. Tal partida ser\u00e1 destinada en nuestro distrito a la pronta adquisici\u00f3n de [&hellip;]<\/p>\n","protected":false},"author":3,"featured_media":115788,"comment_status":"open","ping_status":"open","sticky":false,"template":"","format":"standard","meta":{"footnotes":""},"categories":[5],"tags":[],"class_list":{"0":"post-115787","1":"post","2":"type-post","3":"status-publish","4":"format-standard","5":"has-post-thumbnail","7":"category-neco"},"_links":{"self":[{"href":"https:\/\/primicias2262.com\/noticias\/wp-json\/wp\/v2\/posts\/115787","targetHints":{"allow":["GET"]}}],"collection":[{"href":"https:\/\/primicias2262.com\/noticias\/wp-json\/wp\/v2\/posts"}],"about":[{"href":"https:\/\/primicias2262.com\/noticias\/wp-json\/wp\/v2\/types\/post"}],"author":[{"embeddable":true,"href":"https:\/\/primicias2262.com\/noticias\/wp-json\/wp\/v2\/users\/3"}],"replies":[{"embeddable":true,"href":"https:\/\/primicias2262.com\/noticias\/wp-json\/wp\/v2\/comments?post=115787"}],"version-history":[{"count":2,"href":"https:\/\/primicias2262.com\/noticias\/wp-json\/wp\/v2\/posts\/115787\/revisions"}],"predecessor-version":[{"id":115798,"href":"https:\/\/primicias2262.com\/noticias\/wp-json\/wp\/v2\/posts\/115787\/revisions\/115798"}],"wp:featuredmedia":[{"embeddable":true,"href":"https:\/\/primicias2262.com\/noticias\/wp-json\/wp\/v2\/media\/115788"}],"wp:attachment":[{"href":"https:\/\/primicias2262.com\/noticias\/wp-json\/wp\/v2\/media?parent=115787"}],"wp:term":[{"taxonomy":"category","embeddable":true,"href":"https:\/\/primicias2262.com\/noticias\/wp-json\/wp\/v2\/categories?post=115787"},{"taxonomy":"post_tag","embeddable":true,"href":"https:\/\/primicias2262.com\/noticias\/wp-json\/wp\/v2\/tags?post=115787"}],"curies":[{"name":"wp","href":"https:\/\/api.w.org\/{rel}","templated":true}]}}