{"id":115796,"date":"2025-08-19T16:16:35","date_gmt":"2025-08-19T16:16:35","guid":{"rendered":"https:\/\/primicias2262.com\/noticias\/?p=115796"},"modified":"2025-08-20T18:12:55","modified_gmt":"2025-08-20T18:12:55","slug":"jimena-afirmo-que-no-concibe-las-candidaturas-testimoniales-es-una-falta-de-respeto-a-la-gente-que-confia-y-te-vota","status":"publish","type":"post","link":"https:\/\/primicias2262.com\/noticias\/jimena-afirmo-que-no-concibe-las-candidaturas-testimoniales-es-una-falta-de-respeto-a-la-gente-que-confia-y-te-vota\/","title":{"rendered":"Jimena afirm\u00f3 que no concibe las candidaturas testimoniales: \u201cEs una falta de respeto a la gente que conf\u00eda y te vota\u201d"},"content":{"rendered":"<p><strong>La presidenta del Consorcio de Gesti\u00f3n de Puerto Quequ\u00e9n, Jimena L\u00f3pez, fue presentada como candidata a diputada nacional por Fuerza Patria en segundo t\u00e9rmino, de cara a las elecciones del 26 de octubre, por lo que empieza a visualizarse un nuevo destino para la necochense y, en consecuencia, un reemplazo en dicha presidencia.<\/strong><\/p>\n<p>Quien dialog\u00f3 con el periodista Jorge G\u00f3mez, en el marco del programa Voces de la Ciudad que se emite a trav\u00e9s de Estaci\u00f3n FREE, 90.3 en FM, manifest\u00f3 que fue una sorpresa porque \u201cun segundo lugar de la lista es un lugar de suma relevancia: soy la primera mujer de la lista, lo cual hace que la responsabilidad de la campa\u00f1a sea mayor\u201d, para sumar que \u201cclaramente no lo esperaba porque hay muchas compa\u00f1eras tambi\u00e9n formadas, y viniendo del interior de la provincia siempre jugamos con cierta desventaja\u201d.<\/p>\n<p>Jimena revel\u00f3 que \u201cme llam\u00f3 Malena Galmarini en principio y despu\u00e9s lo corrobor\u00f3 Sergio Massa, hace muchos a\u00f1os que trabajo dentro del espacio del Frente Renovador y me parece que en los momentos m\u00e1s dif\u00edciles hay que saber poner el cuerpo, y este es un momento donde se requieren convicciones y trabajo en equipo y con la gente\u201d.<\/p>\n<p>No obstante, afirm\u00f3 que \u201cno hay que olvidarse que primero tenemos que atravesar la elecci\u00f3n provincial el 7 de septiembre, acompa\u00f1ando a los candidatos de la Quinta Secci\u00f3n Electoral y a \u201cChelo\u201d Rivero y Silvia Blanco a nivel local\u201d.<\/p>\n<p>Mirando hacia dentro del peronismo, indic\u00f3 que \u201cla unidad tarde o temprano se iba a dar, pero vale explicar que nosotros debatimos porque tenemos bien en claro que tenemos diferencias y matices, todos provenimos de diferentes posiciones del peronismo y desde el Frente Renovador est\u00e1bamos claramente dispuestos a ceder cosas en pos del conjunto y las posibilidades m\u00e1s plurales\u201d.<\/p>\n<p>\u201cAc\u00e1 se discute b\u00e1sicamente una l\u00f3gica de crueldad, destrucci\u00f3n y meritocracia como la que propone Milei contra una l\u00f3gica de un Estado que sirva, que d\u00e9 respuestas, que sea eficiente y resuelva la vida de las personas, con m\u00e1s universidades, educaci\u00f3n y salud p\u00fablica\u201d, diferenci\u00f3.<\/p>\n<p>Finalmente, se refiri\u00f3 a su posible nuevo rol como diputada nacional desde diciembre. \u201cYo no concibo las candidaturas testimoniales porque me parece una falta de respeto a la gente que conf\u00eda y te vota porque te escuch\u00f3 hablar y te sigue, as\u00ed que no me parece que sea \u00e9tico\u201d, reconociendo que \u201cpara m\u00ed es todo un tema volver a salir de Necochea porque a m\u00ed me gusta estar ac\u00e1, amo trabajar para mi ciudad y la idea es seguir teniendo una presencia y gravitando en lugares de definici\u00f3n a nivel local\u201d.<\/p>\n<p>\u00bfY al Puerto quien ir\u00e1 como presidente? lejos de barajarse nombres a\u00fan, Jimena afirm\u00f3: \u201cEl Frente Renovador no propone una continuidad de las personas, sino de las pol\u00edticas que sirven\u201d.<\/p>\n","protected":false},"excerpt":{"rendered":"<p>La presidenta del Consorcio de Gesti\u00f3n de Puerto Quequ\u00e9n, Jimena L\u00f3pez, fue presentada como candidata a diputada nacional por Fuerza Patria en segundo t\u00e9rmino, de cara a las elecciones del 26 de octubre, por lo que empieza a visualizarse un nuevo destino para la necochense y, en consecuencia, un reemplazo en dicha presidencia. Quien dialog\u00f3 [&hellip;]<\/p>\n","protected":false},"author":3,"featured_media":114522,"comment_status":"open","ping_status":"open","sticky":false,"template":"","format":"standard","meta":{"footnotes":""},"categories":[5],"tags":[],"class_list":{"0":"post-115796","1":"post","2":"type-post","3":"status-publish","4":"format-standard","5":"has-post-thumbnail","7":"category-neco"},"_links":{"self":[{"href":"https:\/\/primicias2262.com\/noticias\/wp-json\/wp\/v2\/posts\/115796","targetHints":{"allow":["GET"]}}],"collection":[{"href":"https:\/\/primicias2262.com\/noticias\/wp-json\/wp\/v2\/posts"}],"about":[{"href":"https:\/\/primicias2262.com\/noticias\/wp-json\/wp\/v2\/types\/post"}],"author":[{"embeddable":true,"href":"https:\/\/primicias2262.com\/noticias\/wp-json\/wp\/v2\/users\/3"}],"replies":[{"embeddable":true,"href":"https:\/\/primicias2262.com\/noticias\/wp-json\/wp\/v2\/comments?post=115796"}],"version-history":[{"count":2,"href":"https:\/\/primicias2262.com\/noticias\/wp-json\/wp\/v2\/posts\/115796\/revisions"}],"predecessor-version":[{"id":115827,"href":"https:\/\/primicias2262.com\/noticias\/wp-json\/wp\/v2\/posts\/115796\/revisions\/115827"}],"wp:featuredmedia":[{"embeddable":true,"href":"https:\/\/primicias2262.com\/noticias\/wp-json\/wp\/v2\/media\/114522"}],"wp:attachment":[{"href":"https:\/\/primicias2262.com\/noticias\/wp-json\/wp\/v2\/media?parent=115796"}],"wp:term":[{"taxonomy":"category","embeddable":true,"href":"https:\/\/primicias2262.com\/noticias\/wp-json\/wp\/v2\/categories?post=115796"},{"taxonomy":"post_tag","embeddable":true,"href":"https:\/\/primicias2262.com\/noticias\/wp-json\/wp\/v2\/tags?post=115796"}],"curies":[{"name":"wp","href":"https:\/\/api.w.org\/{rel}","templated":true}]}}