{"id":116029,"date":"2025-09-01T16:36:27","date_gmt":"2025-09-01T16:36:27","guid":{"rendered":"https:\/\/primicias2262.com\/noticias\/?p=116029"},"modified":"2025-09-01T16:36:27","modified_gmt":"2025-09-01T16:36:27","slug":"el-objetivo-principal-de-la-agrupacion-es-seguir-representando-al-sector-dentro-del-hcd","status":"publish","type":"post","link":"https:\/\/primicias2262.com\/noticias\/el-objetivo-principal-de-la-agrupacion-es-seguir-representando-al-sector-dentro-del-hcd\/","title":{"rendered":"\u201cEl objetivo principal de la agrupaci\u00f3n es seguir representando al sector dentro del HCD\u201d"},"content":{"rendered":"<p><strong>Los candidatos a concejales por la Agrupaci\u00f3n Comunal Transformadora, Juan De La Hera y Julio Rancatti, dialogaron con el periodista Jorge G\u00f3mez, en el marco del programa Voces de la Ciudad que se emite a trav\u00e9s de Estaci\u00f3n FREE, 90.3 en FM.<\/strong><\/p>\n<p>Transitando los d\u00edas previos de cara a las elecciones legislativas locales y provinciales del venidero domingo 7 de septiembre, el primer candidato a concejal, De La Hera, destac\u00f3 que \u201cla ACT viene dando presencia en esta campa\u00f1a electoral, consideramos que somos una buena opci\u00f3n para el distrito de Necochea y queremos seguir siendo parte del Concejo Deliberante\u201d.<\/p>\n<p>\u201cEl 10 de diciembre estaremos dejando nuestra banca en el Concejo que tiene Rosario Rold\u00e1n y el objetivo principal que tiene la agrupaci\u00f3n es continuar y seguir representando al sector dentro del HCD\u201d, traz\u00f3 De La Hera.<\/p>\n<p>Seguidamente, Juan indic\u00f3 que \u201ces muy importante que nos acompa\u00f1en y crean en la propuesta de la agrupaci\u00f3n, que es representar a los vecinos en problem\u00e1ticas que nos unen y son cotidianas para los necochenses, dejando de lado el sector social al que se pertenezca\u201d.<\/p>\n<p>En ese marco, puntualiz\u00f3 que \u201chay que trabajar mucho en la parte de salud p\u00fablica y seguridad, acompa\u00f1ar en decisiones que se tomen desde el Ejecutivo y generarles propuestas para que tenga herramientas. Esto se trata de que entre todos podamos construir una Necochea justa para todos\u201d.<\/p>\n<p>\u201cEl viernes a las 8 empieza la veda electoral, por lo cual nos quedan cuatro d\u00edas para llegar a diferentes lugares con la boleta de la ACT\u2026 hay mucha gente que todav\u00eda no termina de entender de qu\u00e9 se trata esta elecci\u00f3n\u201d, referenci\u00f3.<\/p>\n<p>Por su parte, Julio Rancatti se\u00f1al\u00f3 que arranc\u00f3 con la Transformadora en 2021, despu\u00e9s que se retir\u00f3 de su trabajo. \u201cMe acerqu\u00e9 porque es un grupo vecinalista y no tenemos pol\u00edticos profesionales\u201d, resalt\u00f3.<\/p>\n<p>Fue all\u00ed que rememor\u00f3 que \u201ccuando vine a Necochea me encontr\u00e9 con una ciudad industrial y hoy veo a una Necochea relegada, mientras que las ciudades alrededor se desarrollan. Somos una agrupaci\u00f3n que trabaja con mucha fe y esperanza, entendemos que nuestras propuestas pueden contribuir a un mejor pasar de los necochenses\u201d.<\/p>\n","protected":false},"excerpt":{"rendered":"<p>Los candidatos a concejales por la Agrupaci\u00f3n Comunal Transformadora, Juan De La Hera y Julio Rancatti, dialogaron con el periodista Jorge G\u00f3mez, en el marco del programa Voces de la Ciudad que se emite a trav\u00e9s de Estaci\u00f3n FREE, 90.3 en FM. Transitando los d\u00edas previos de cara a las elecciones legislativas locales y provinciales [&hellip;]<\/p>\n","protected":false},"author":3,"featured_media":116032,"comment_status":"open","ping_status":"open","sticky":false,"template":"","format":"standard","meta":{"footnotes":""},"categories":[5],"tags":[],"class_list":{"0":"post-116029","1":"post","2":"type-post","3":"status-publish","4":"format-standard","5":"has-post-thumbnail","7":"category-neco"},"_links":{"self":[{"href":"https:\/\/primicias2262.com\/noticias\/wp-json\/wp\/v2\/posts\/116029","targetHints":{"allow":["GET"]}}],"collection":[{"href":"https:\/\/primicias2262.com\/noticias\/wp-json\/wp\/v2\/posts"}],"about":[{"href":"https:\/\/primicias2262.com\/noticias\/wp-json\/wp\/v2\/types\/post"}],"author":[{"embeddable":true,"href":"https:\/\/primicias2262.com\/noticias\/wp-json\/wp\/v2\/users\/3"}],"replies":[{"embeddable":true,"href":"https:\/\/primicias2262.com\/noticias\/wp-json\/wp\/v2\/comments?post=116029"}],"version-history":[{"count":2,"href":"https:\/\/primicias2262.com\/noticias\/wp-json\/wp\/v2\/posts\/116029\/revisions"}],"predecessor-version":[{"id":116034,"href":"https:\/\/primicias2262.com\/noticias\/wp-json\/wp\/v2\/posts\/116029\/revisions\/116034"}],"wp:featuredmedia":[{"embeddable":true,"href":"https:\/\/primicias2262.com\/noticias\/wp-json\/wp\/v2\/media\/116032"}],"wp:attachment":[{"href":"https:\/\/primicias2262.com\/noticias\/wp-json\/wp\/v2\/media?parent=116029"}],"wp:term":[{"taxonomy":"category","embeddable":true,"href":"https:\/\/primicias2262.com\/noticias\/wp-json\/wp\/v2\/categories?post=116029"},{"taxonomy":"post_tag","embeddable":true,"href":"https:\/\/primicias2262.com\/noticias\/wp-json\/wp\/v2\/tags?post=116029"}],"curies":[{"name":"wp","href":"https:\/\/api.w.org\/{rel}","templated":true}]}}