{"id":116036,"date":"2025-09-01T16:43:01","date_gmt":"2025-09-01T16:43:01","guid":{"rendered":"https:\/\/primicias2262.com\/noticias\/?p=116036"},"modified":"2025-09-01T16:43:40","modified_gmt":"2025-09-01T16:43:40","slug":"no-hay-una-buena-programacion-del-mantenimiento-de-las-calles-y-eso-afecta-mucho-a-los-vecinos","status":"publish","type":"post","link":"https:\/\/primicias2262.com\/noticias\/no-hay-una-buena-programacion-del-mantenimiento-de-las-calles-y-eso-afecta-mucho-a-los-vecinos\/","title":{"rendered":"\u201cNo hay una buena programaci\u00f3n del mantenimiento de las calles y eso afecta mucho a los vecinos\u201d"},"content":{"rendered":"<p><strong>As\u00ed lo manifest\u00f3 la candidata a concejal en cuarto t\u00e9rmino por Uni\u00f3n y Libertad, Daniela Canggiano, al puntualizar sobre las problem\u00e1ticas que transmite la gente en estos tiempos de campa\u00f1a electoral.<\/strong><\/p>\n<p>En di\u00e1logo con Daniel Gonz\u00e1lez para \u201cVoces de la ciudad\u201d, Canggiano valor\u00f3 que \u201cla gente nos ha recibido muy bien, estamos muy contentos por eso porque a pesar de ser una conformaci\u00f3n muy nueva, la gente nos acepta y escucha, nos da su opini\u00f3n sobre qu\u00e9 es lo que se necesita cambiar en el distrito y estamos muy contentos\u201d.<\/p>\n<p>Al puntualizar el mensaje del p\u00fablico en los barrios, Daniela indic\u00f3 que \u201cla gente este a\u00f1o est\u00e1 disconforme principalmente por las calles, que se inundan. Es un distrito que tiene muchas calles de tierra y pasan las m\u00e1quinas cuando no es el tiempo debido, algunas se han entoscado pero al pasar la m\u00e1quina se remueve el entoscado y no hay una buena programaci\u00f3n de este tema, y a los vecinos los ha afectado much\u00edsimo por el mal clima\u201d.<\/p>\n<p>Incluso, asegur\u00f3 que \u201ces un tema que hoy supera al de seguridad, y tambi\u00e9n la tem\u00e1tica de salud es un punto muy complicado para la gente, todos convergemos en el hospital municipal donde la gente que va a sacar un turno concurre muy temprano a la ma\u00f1ana, algunos llegando desde muy lejos, y a veces se quedan sin turnos y eso genera un desgaste\u201d.<\/p>\n<p>Por otra parte, se refiri\u00f3 a las contingencias que se les presentaron al grupo que encabeza el candidato a concejal Bernardo Amilcar desde el 7 de agosto a esta parte. \u201cLas boletas las recibimos reci\u00e9n el viernes a la tarde, hubo una demora importante y tuvimos algunos inconvenientes\u201d, se\u00f1al\u00f3.<\/p>\n<p>Adem\u00e1s, describi\u00f3 que \u201cluego del cierre de lista, vimos una reducci\u00f3n en los candidatos nuestros, de 22 se redujo a 12, lo cual es mucho, por lo que hicimos un reclamo a la Junta Electoral, siendo que cumpl\u00edamos con los requisitos de ser mayores de 25 a\u00f1os, ser ciudadanos argentinos y vivir al menos un a\u00f1o antes de las elecciones en el distrito\u201d.<\/p>\n<p>Por ende, \u201cla reducci\u00f3n de candidatos fue sin justificativo y presentamos la nota para que haya una aclaraci\u00f3n, pero con silencio hasta ahora, nunca contestaron ni ratificando ni rectificando, por lo cual hemos presentado un amparo. Es il\u00f3gico totalmente y la justicia nos va a dar la raz\u00f3n y se va a restituir, pero es muy poquito el tiempo que nos queda para la elecci\u00f3n\u201d, concluy\u00f3.<\/p>\n","protected":false},"excerpt":{"rendered":"<p>As\u00ed lo manifest\u00f3 la candidata a concejal en cuarto t\u00e9rmino por Uni\u00f3n y Libertad, Daniela Canggiano, al puntualizar sobre las problem\u00e1ticas que transmite la gente en estos tiempos de campa\u00f1a electoral. En di\u00e1logo con Daniel Gonz\u00e1lez para \u201cVoces de la ciudad\u201d, Canggiano valor\u00f3 que \u201cla gente nos ha recibido muy bien, estamos muy contentos por [&hellip;]<\/p>\n","protected":false},"author":3,"featured_media":116030,"comment_status":"open","ping_status":"open","sticky":false,"template":"","format":"standard","meta":{"footnotes":""},"categories":[6],"tags":[],"class_list":{"0":"post-116036","1":"post","2":"type-post","3":"status-publish","4":"format-standard","5":"has-post-thumbnail","7":"category-portada2"},"_links":{"self":[{"href":"https:\/\/primicias2262.com\/noticias\/wp-json\/wp\/v2\/posts\/116036","targetHints":{"allow":["GET"]}}],"collection":[{"href":"https:\/\/primicias2262.com\/noticias\/wp-json\/wp\/v2\/posts"}],"about":[{"href":"https:\/\/primicias2262.com\/noticias\/wp-json\/wp\/v2\/types\/post"}],"author":[{"embeddable":true,"href":"https:\/\/primicias2262.com\/noticias\/wp-json\/wp\/v2\/users\/3"}],"replies":[{"embeddable":true,"href":"https:\/\/primicias2262.com\/noticias\/wp-json\/wp\/v2\/comments?post=116036"}],"version-history":[{"count":1,"href":"https:\/\/primicias2262.com\/noticias\/wp-json\/wp\/v2\/posts\/116036\/revisions"}],"predecessor-version":[{"id":116037,"href":"https:\/\/primicias2262.com\/noticias\/wp-json\/wp\/v2\/posts\/116036\/revisions\/116037"}],"wp:featuredmedia":[{"embeddable":true,"href":"https:\/\/primicias2262.com\/noticias\/wp-json\/wp\/v2\/media\/116030"}],"wp:attachment":[{"href":"https:\/\/primicias2262.com\/noticias\/wp-json\/wp\/v2\/media?parent=116036"}],"wp:term":[{"taxonomy":"category","embeddable":true,"href":"https:\/\/primicias2262.com\/noticias\/wp-json\/wp\/v2\/categories?post=116036"},{"taxonomy":"post_tag","embeddable":true,"href":"https:\/\/primicias2262.com\/noticias\/wp-json\/wp\/v2\/tags?post=116036"}],"curies":[{"name":"wp","href":"https:\/\/api.w.org\/{rel}","templated":true}]}}