{"id":116040,"date":"2025-09-01T16:52:23","date_gmt":"2025-09-01T16:52:23","guid":{"rendered":"https:\/\/primicias2262.com\/noticias\/?p=116040"},"modified":"2025-09-01T16:52:23","modified_gmt":"2025-09-01T16:52:23","slug":"la-gente-nos-tiene-que-acompanar-porque-somos-el-unico-espacio-con-proyectos-claros-y-una-meta-adonde-llegar","status":"publish","type":"post","link":"https:\/\/primicias2262.com\/noticias\/la-gente-nos-tiene-que-acompanar-porque-somos-el-unico-espacio-con-proyectos-claros-y-una-meta-adonde-llegar\/","title":{"rendered":"\u201cLa gente nos tiene que acompa\u00f1ar porque somos el \u00fanico espacio con proyectos claros y una meta adonde llegar\u201d"},"content":{"rendered":"<p><strong>Las candidatas a consejeras escolares por Nueva Necochea, Elizabeth Ortega y Karina Kiriluk, dialogaron con el periodista Jorge G\u00f3mez, en el marco del programa Voces de la Ciudad que se emite a trav\u00e9s de Estaci\u00f3n FREE, 90.3 en FM.<\/strong><\/p>\n<p>En los d\u00edas previos a las elecciones legislativas del domingo 7 de septiembre, Elizabeth busca ser reelecta en el Consejo Escolar e indic\u00f3 que el mensaje en la semana previa es que \u201ces importante que el domingo la gente se aboque a las urnas y que vaya a votar porque la votaci\u00f3n es el instrumento para buscar esa gesti\u00f3n que uno cree que es lo m\u00e1s conveniente para el distrito\u201d.<\/p>\n<p>En ese marco, se\u00f1al\u00f3 que \u201cquiero invitar a los vecinos a que nos acompa\u00f1en con su voto este domingo 7 de septiembre. Hemos caminado por todos los barrios de la ciudad, hemos ido al interior y le vamos comentando a la gente \u00a0por qu\u00e9 tiene que acompa\u00f1ar este proyecto y por qu\u00e9 somos la mejor opci\u00f3n, somos el \u00fanico espacio con proyectos claros y una direcci\u00f3n y una meta adonde llegar\u201d.<\/p>\n<p>Ortega argument\u00f3 que \u201cArturo (Rojas) ha logrado avanzar en estos seis a\u00f1os y necesitamos los concejales para poder sostener la gobernabilidad y la aprobaci\u00f3n de proyectos. Hay que recordar que cuando Arturo lleg\u00f3 a la gesti\u00f3n los espacios p\u00fablicos eran un desastre, no hab\u00eda luces Led en ning\u00fan lugar de la ciudad, ni un frente costero ameno que recibiera al turismo con una buena postal, no ten\u00edamos bicisenda, entre otras cosas\u201d.<\/p>\n<p>Adem\u00e1s de todo eso, \u201choy tenemos el tom\u00f3grafo, el leasing para un nuevo arco en C, la Planta de tratamiento de residuos y la planificaci\u00f3n de un parque industrial. Son un mont\u00f3n de aspectos en los que el vecino tiene que estar informado y por eso es necesario que el intendente tenga los concejales necesarios para seguir gobernando\u201d, complet\u00f3 la consejera.<\/p>\n<p>Por su parte, la docente Karina Kiriluk es una de las nuevas integrantes del oficialismo local y actualmente es vicedirectora de la Escuela N\u00ba 10 y trabaja en la Escuela N\u00ba 49 de Quequ\u00e9n.<\/p>\n<p>En sus declaraciones, Karina destac\u00f3 que \u201cvemos el trabajo incansable que hacen Elizabeth y Paula (Arg\u00fcello) para cada una de las escuelas que conforman nuestro distrito, as\u00ed que cuando me hicieron la propuesta me convencieron f\u00e1cil porque es seguir el trabajo que vienen haciendo las chicas. Adem\u00e1s de trabajar para las necesidades de cada una de las escuelas, hay que trabajar para una educaci\u00f3n de calidad\u201d.<\/p>\n","protected":false},"excerpt":{"rendered":"<p>Las candidatas a consejeras escolares por Nueva Necochea, Elizabeth Ortega y Karina Kiriluk, dialogaron con el periodista Jorge G\u00f3mez, en el marco del programa Voces de la Ciudad que se emite a trav\u00e9s de Estaci\u00f3n FREE, 90.3 en FM. En los d\u00edas previos a las elecciones legislativas del domingo 7 de septiembre, Elizabeth busca ser [&hellip;]<\/p>\n","protected":false},"author":3,"featured_media":116031,"comment_status":"open","ping_status":"open","sticky":false,"template":"","format":"standard","meta":{"footnotes":""},"categories":[5],"tags":[],"class_list":{"0":"post-116040","1":"post","2":"type-post","3":"status-publish","4":"format-standard","5":"has-post-thumbnail","7":"category-neco"},"_links":{"self":[{"href":"https:\/\/primicias2262.com\/noticias\/wp-json\/wp\/v2\/posts\/116040","targetHints":{"allow":["GET"]}}],"collection":[{"href":"https:\/\/primicias2262.com\/noticias\/wp-json\/wp\/v2\/posts"}],"about":[{"href":"https:\/\/primicias2262.com\/noticias\/wp-json\/wp\/v2\/types\/post"}],"author":[{"embeddable":true,"href":"https:\/\/primicias2262.com\/noticias\/wp-json\/wp\/v2\/users\/3"}],"replies":[{"embeddable":true,"href":"https:\/\/primicias2262.com\/noticias\/wp-json\/wp\/v2\/comments?post=116040"}],"version-history":[{"count":1,"href":"https:\/\/primicias2262.com\/noticias\/wp-json\/wp\/v2\/posts\/116040\/revisions"}],"predecessor-version":[{"id":116041,"href":"https:\/\/primicias2262.com\/noticias\/wp-json\/wp\/v2\/posts\/116040\/revisions\/116041"}],"wp:featuredmedia":[{"embeddable":true,"href":"https:\/\/primicias2262.com\/noticias\/wp-json\/wp\/v2\/media\/116031"}],"wp:attachment":[{"href":"https:\/\/primicias2262.com\/noticias\/wp-json\/wp\/v2\/media?parent=116040"}],"wp:term":[{"taxonomy":"category","embeddable":true,"href":"https:\/\/primicias2262.com\/noticias\/wp-json\/wp\/v2\/categories?post=116040"},{"taxonomy":"post_tag","embeddable":true,"href":"https:\/\/primicias2262.com\/noticias\/wp-json\/wp\/v2\/tags?post=116040"}],"curies":[{"name":"wp","href":"https:\/\/api.w.org\/{rel}","templated":true}]}}