{"id":116431,"date":"2025-09-22T17:43:09","date_gmt":"2025-09-22T17:43:09","guid":{"rendered":"https:\/\/primicias2262.com\/noticias\/?p=116431"},"modified":"2025-09-22T17:43:09","modified_gmt":"2025-09-22T17:43:09","slug":"el-gobierno-elimina-retenciones-a-los-granos-hasta-el-31-de-octubre","status":"publish","type":"post","link":"https:\/\/primicias2262.com\/noticias\/el-gobierno-elimina-retenciones-a-los-granos-hasta-el-31-de-octubre\/","title":{"rendered":"El Gobierno elimina retenciones a los granos hasta el 31 de octubre"},"content":{"rendered":"<p>El vocero presidencial, Manuel Adorni, anunci\u00f3 este lunes que el Gobierno dispuso la eliminaci\u00f3n de las retenciones a todos los granos hasta el 31 de octubre, con el objetivo de incentivar la liquidaci\u00f3n de divisas y aumentar la oferta de d\u00f3lares en el mercado.<\/p>\n<p><strong>\u201cLa vieja pol\u00edtica busca generar incertidumbre para boicotear el programa de gobierno. Al hacerlo castigan a los argentinos: no lo vamos a permitir\u201d<\/strong>, afirm\u00f3 Adorni en un post.<\/p>\n<p><strong>La medida regir\u00e1 de manera excepcional durante poco m\u00e1s de un mes y alcanza a todos los cultivos.\u00a0<\/strong>Seg\u00fan explic\u00f3 el funcionario, la decisi\u00f3n busca acelerar el ingreso de divisas en un contexto en el que el Ejecutivo procura sostener el programa econ\u00f3mico y dar previsibilidad al mercado cambiario.<\/p>\n<p>Con esta resoluci\u00f3n, el Gobierno intenta reforzar la posici\u00f3n de reservas del Banco Central y brindar una se\u00f1al al sector agroexportador para que acelere las operaciones de venta al exterior.<\/p>\n<p>La medida alcanza a todos los cereales y las oleaginosas y se aplica hasta que se llegue a un valor liquidado de US$ 7.000 millones.<\/p>\n<p>Seg\u00fan estimaciones del sector,\u00a0<strong>el stock disponible en granos tiene un valor aproximado de US$ 10.000 millones.<\/strong>\u00a0El gobierno busca que buena parte de esos granos guardados por los productores en las pr\u00f3ximas seis semanas.<\/p>\n<p><strong>\u00abApoyamos toda medida que implique eliminar las retenciones aunque sean temporales.<\/strong>\u00a0Falta ver los detalles de la forma de operar y cuando se har\u00e1 operativo\u00bb, expres\u00f3 el presidente de CIARA-CEC,\u00a0<strong>Gustavo\u00a0Idigoras<\/strong>.<\/p>\n","protected":false},"excerpt":{"rendered":"<p>El vocero presidencial, Manuel Adorni, anunci\u00f3 este lunes que el Gobierno dispuso la eliminaci\u00f3n de las retenciones a todos los granos hasta el 31 de octubre, con el objetivo de incentivar la liquidaci\u00f3n de divisas y aumentar la oferta de d\u00f3lares en el mercado. \u201cLa vieja pol\u00edtica busca generar incertidumbre para boicotear el programa de [&hellip;]<\/p>\n","protected":false},"author":3,"featured_media":103341,"comment_status":"open","ping_status":"open","sticky":false,"template":"","format":"standard","meta":{"footnotes":""},"categories":[7],"tags":[],"class_list":{"0":"post-116431","1":"post","2":"type-post","3":"status-publish","4":"format-standard","5":"has-post-thumbnail","7":"category-nac"},"_links":{"self":[{"href":"https:\/\/primicias2262.com\/noticias\/wp-json\/wp\/v2\/posts\/116431","targetHints":{"allow":["GET"]}}],"collection":[{"href":"https:\/\/primicias2262.com\/noticias\/wp-json\/wp\/v2\/posts"}],"about":[{"href":"https:\/\/primicias2262.com\/noticias\/wp-json\/wp\/v2\/types\/post"}],"author":[{"embeddable":true,"href":"https:\/\/primicias2262.com\/noticias\/wp-json\/wp\/v2\/users\/3"}],"replies":[{"embeddable":true,"href":"https:\/\/primicias2262.com\/noticias\/wp-json\/wp\/v2\/comments?post=116431"}],"version-history":[{"count":1,"href":"https:\/\/primicias2262.com\/noticias\/wp-json\/wp\/v2\/posts\/116431\/revisions"}],"predecessor-version":[{"id":116432,"href":"https:\/\/primicias2262.com\/noticias\/wp-json\/wp\/v2\/posts\/116431\/revisions\/116432"}],"wp:featuredmedia":[{"embeddable":true,"href":"https:\/\/primicias2262.com\/noticias\/wp-json\/wp\/v2\/media\/103341"}],"wp:attachment":[{"href":"https:\/\/primicias2262.com\/noticias\/wp-json\/wp\/v2\/media?parent=116431"}],"wp:term":[{"taxonomy":"category","embeddable":true,"href":"https:\/\/primicias2262.com\/noticias\/wp-json\/wp\/v2\/categories?post=116431"},{"taxonomy":"post_tag","embeddable":true,"href":"https:\/\/primicias2262.com\/noticias\/wp-json\/wp\/v2\/tags?post=116431"}],"curies":[{"name":"wp","href":"https:\/\/api.w.org\/{rel}","templated":true}]}}